{"id":72448,"date":"2024-05-16T10:28:39","date_gmt":"2024-05-16T13:28:39","guid":{"rendered":"https:\/\/vocesparalelas.com.ar\/sitio\/?p=72448"},"modified":"2024-05-16T11:21:05","modified_gmt":"2024-05-16T14:21:05","slug":"becas-estimulo-2024-para-12-estudiantes-de-la-fi-de-la-unsj","status":"publish","type":"post","link":"https:\/\/vocesparalelas.com.ar\/sitio\/becas-estimulo-2024-para-12-estudiantes-de-la-fi-de-la-unsj\/","title":{"rendered":"Becas Est\u00edmulo 2024 para 12 Estudiantes de la FI de la UNSJ"},"content":{"rendered":"<p>La Facultad de Ingenier\u00eda de la Universidad Nacional de San Juan particip\u00f3 del Acto de renovaci\u00f3n y entrega de Becas Est\u00edmulo 2024 que realiza la C\u00e1mara de la Argentina de la Construcci\u00f3n con el aporte de empresas vinculadas al sector.<\/p>\n<p>En el encuentro estuvieron presentes, por parte de la FI, el decano, Ing. Mario Fern\u00e1ndez; la vicedecana, Dra. Andrea Diaz; el secretario de Extensi\u00f3n Universitaria, Ing.\u00a0 Orlando Boiteux y el secretario de Asuntos Estudiantiles, Ing. Eliseo Ortiz. En representaci\u00f3n de la Delegaci\u00f3n San Juan de la C\u00e1mara Argentina de la Construcci\u00f3n, estuvo el vicepresidente, Ing. Juli\u00e1n Rins; y Ing. C\u00e9sar Borrego, miembro de la Comisi\u00f3n Directiva.<\/p>\n<p>En el acto se realiz\u00f3 la renovaci\u00f3n de 5 becas a beneficiarios de a\u00f1os anteriores y el otorgamiento de 7 nuevas becas. Se contabiliza de esta forma 12 estudiantes incluidos dentro del programa de Becas Est\u00edmulo 2024.<\/p>\n<p>El proyecto naci\u00f3 en el a\u00f1o 2020 y desde entonces, de forma ininterrumpida, conf\u00eda en j\u00f3venes estudiantes, brinda oportunidades de crecimiento y busca favorecer el nacimiento de nuevos Ingenieros Civiles.<\/p>\n<p>El programa de Becas Est\u00edmulo consiste en proveer ayuda econ\u00f3mica a estudiantes de la Carrera de Ingenier\u00eda Civil que residan en Departamentos alejados de la Provincia de San Juan, o que cuenten con una situaci\u00f3n econ\u00f3mica adversa, pero lleven la carrera al d\u00eda.<\/p>\n<p>El objetivo es que los estudiantes puedan radicarse de forma permanente en la ciudad o que tengan facilidad de acceso para que puedan asistir diariamente a la Facultad.<\/p>\n<p><img loading=\"lazy\" decoding=\"async\" class=\"alignnone size-full wp-image-60280\" src=\"https:\/\/vocesparalelas.com.ar\/sitio\/wp-content\/uploads\/2023\/06\/FI-UNSJ-FRENTE.jpg\" alt=\"\" width=\"800\" height=\"600\" srcset=\"https:\/\/vocesparalelas.com.ar\/sitio\/wp-content\/uploads\/2023\/06\/FI-UNSJ-FRENTE.jpg 800w, https:\/\/vocesparalelas.com.ar\/sitio\/wp-content\/uploads\/2023\/06\/FI-UNSJ-FRENTE-300x225.jpg 300w, https:\/\/vocesparalelas.com.ar\/sitio\/wp-content\/uploads\/2023\/06\/FI-UNSJ-FRENTE-768x576.jpg 768w\" sizes=\"auto, (max-width: 800px) 100vw, 800px\" \/><\/p>\n","protected":false},"excerpt":{"rendered":"<p>La Facultad de Ingenier\u00eda de la Universidad Nacional de San Juan particip\u00f3 del Acto de renovaci\u00f3n y entrega de Becas<\/p>\n","protected":false},"author":3,"featured_media":72451,"comment_status":"closed","ping_status":"closed","sticky":false,"template":"","format":"standard","meta":{"_acf_changed":false,"_seopress_robots_primary_cat":"none","_seopress_titles_title":"","_seopress_titles_desc":"","_seopress_robots_index":"","colormag_page_container_layout":"default_layout","colormag_page_sidebar_layout":"default_layout","footnotes":""},"categories":[1],"tags":[],"class_list":["post-72448","post","type-post","status-publish","format-standard","has-post-thumbnail","hentry","category-destacadas"],"acf":[],"_links":{"self":[{"href":"https:\/\/vocesparalelas.com.ar\/sitio\/wp-json\/wp\/v2\/posts\/72448","targetHints":{"allow":["GET"]}}],"collection":[{"href":"https:\/\/vocesparalelas.com.ar\/sitio\/wp-json\/wp\/v2\/posts"}],"about":[{"href":"https:\/\/vocesparalelas.com.ar\/sitio\/wp-json\/wp\/v2\/types\/post"}],"author":[{"embeddable":true,"href":"https:\/\/vocesparalelas.com.ar\/sitio\/wp-json\/wp\/v2\/users\/3"}],"replies":[{"embeddable":true,"href":"https:\/\/vocesparalelas.com.ar\/sitio\/wp-json\/wp\/v2\/comments?post=72448"}],"version-history":[{"count":2,"href":"https:\/\/vocesparalelas.com.ar\/sitio\/wp-json\/wp\/v2\/posts\/72448\/revisions"}],"predecessor-version":[{"id":72453,"href":"https:\/\/vocesparalelas.com.ar\/sitio\/wp-json\/wp\/v2\/posts\/72448\/revisions\/72453"}],"wp:featuredmedia":[{"embeddable":true,"href":"https:\/\/vocesparalelas.com.ar\/sitio\/wp-json\/wp\/v2\/media\/72451"}],"wp:attachment":[{"href":"https:\/\/vocesparalelas.com.ar\/sitio\/wp-json\/wp\/v2\/media?parent=72448"}],"wp:term":[{"taxonomy":"category","embeddable":true,"href":"https:\/\/vocesparalelas.com.ar\/sitio\/wp-json\/wp\/v2\/categories?post=72448"},{"taxonomy":"post_tag","embeddable":true,"href":"https:\/\/vocesparalelas.com.ar\/sitio\/wp-json\/wp\/v2\/tags?post=72448"}],"curies":[{"name":"wp","href":"https:\/\/api.w.org\/{rel}","templated":true}]}}