{"id":72407,"date":"2024-05-15T13:00:44","date_gmt":"2024-05-15T16:00:44","guid":{"rendered":"https:\/\/vocesparalelas.com.ar\/sitio\/?p=72407"},"modified":"2024-05-16T14:40:14","modified_gmt":"2024-05-16T17:40:14","slug":"firmaron-un-convenio-para-el-dictado-de-cursos-sobre-comercio-exterior-en-ullum","status":"publish","type":"post","link":"https:\/\/vocesparalelas.com.ar\/sitio\/firmaron-un-convenio-para-el-dictado-de-cursos-sobre-comercio-exterior-en-ullum\/","title":{"rendered":"Firmaron un convenio para el dictado de cursos sobre comercio exterior en Ullum"},"content":{"rendered":"<p>La Secretar\u00eda de Coordinaci\u00f3n para el Desarrollo Econ\u00f3mico por intermedio de la Direcci\u00f3n de Comercio Exterior, dependiente del ministerio de Producci\u00f3n, Trabajo e Innovaci\u00f3n del Gobierno de San Juan y el Instituto Superior T\u00e9cnico de Ullum firmaron el acuerdo para el dictado de cursos de capacitaci\u00f3n sobre comercio exterior en busca de potenciales exportadores e importadores.<\/p>\n<p>El mismo es gratuito consiste de cuatro m\u00f3dulos e incluye, formaci\u00f3n te\u00f3rica y pr\u00e1ctica. Est\u00e1 destinado a j\u00f3venes emprendedores, productores, personas interesadas en el comercio exterior, alumnos, egresados y docentes.<\/p>\n<p>Los dos organismos acuerdan promover actividades de formaci\u00f3n, estudios, y de extensi\u00f3n al sector socioproductivo que redunden en un beneficio mutuo, que las fortalezca institucionalmente, generando sinergia en un intercambio positivo en vistas de lograr una formaci\u00f3n integral contextualizada y promover el desarrollo sustentable, la competitividad, el emprendedurismo y la creaci\u00f3n de valor, para el sector agr\u00edcola, agropecuario y agroindustrial.<\/p>\n<p>Participaron del acta acuerdo el secretario de Coordinaci\u00f3n para el Desarrollo Econ\u00f3mico, Alfredo Aciar, el director del Instituto de Educaci\u00f3n T\u00e9cnica Superior Ullum, Rolando Borbore, funcionarios del ministerio de Producci\u00f3n, Trabajo e Innovaci\u00f3n y directivos del establecimiento escolar.<\/p>\n<p>El dictado es en el Instituto Superior T\u00e9cnico de Ullum y abarca 8 Jornadas, 4 M\u00f3dulos y tres talleres.<\/p>\n<p><strong><span style=\"color: #ff6600;\">Programa<\/span><\/strong><\/p>\n<p><strong><span style=\"color: #ff6600;\">M\u00f3dulo 1: Introducci\u00f3n al Comercio Internacional. Contenidos Te\u00f3ricos<\/span><\/strong><\/p>\n<ul>\n<li>Horario de 18.30 a 20.30hs<\/li>\n<li>Expositores: Lic. Javier Garc\u00eda- Lic. Maria Eugenia Sessa.<\/li>\n<li>Invitaci\u00f3n especial: Dir. Lic Adrian Alonso.<\/li>\n<\/ul>\n<p><strong><span style=\"color: #ff6600;\">M\u00f3dulo 2: Producto. Pr\u00e1ctica: Invitaci\u00f3n a un empresario exportador.( su visi\u00f3n del mercado y experiencia)<\/span><\/strong><\/p>\n<ul>\n<li>Horario de 18.30 a 20.30hs<\/li>\n<li>Expositores: Lic. Javier Garc\u00eda- Lic. Maria Eugenia Sessa.<\/li>\n<\/ul>\n<p><strong><span style=\"color: #ff6600;\">M\u00f3dulo 3: Estrategias y t\u00e1cticas de marketing<\/span><\/strong><\/p>\n<ul>\n<li>Horario de 18.30 a 20.30hs<\/li>\n<li>Expositor: Lic. Eduardo Maurin.<\/li>\n<\/ul>\n<p><strong><span style=\"color: #ff6600;\">M\u00f3dulo 4: Operatoria de exportaci\u00f3n<\/span><\/strong><\/p>\n<ul>\n<li>Horario de 18.30 a 20.30hs<\/li>\n<li>Expositores: Lic. Javier Garc\u00eda- Lic. Maria Eugenia Sessa.<\/li>\n<li>Invitaci\u00f3n especial: Despachante de Aduanas.<\/li>\n<\/ul>\n<p>&nbsp;<\/p>\n<p>&nbsp;<\/p>\n","protected":false},"excerpt":{"rendered":"<p>La Secretar\u00eda de Coordinaci\u00f3n para el Desarrollo Econ\u00f3mico por intermedio de la Direcci\u00f3n de Comercio Exterior, dependiente del ministerio de<\/p>\n","protected":false},"author":3,"featured_media":72410,"comment_status":"closed","ping_status":"closed","sticky":false,"template":"","format":"standard","meta":{"_acf_changed":false,"_seopress_robots_primary_cat":"none","_seopress_titles_title":"","_seopress_titles_desc":"","_seopress_robots_index":"","colormag_page_container_layout":"default_layout","colormag_page_sidebar_layout":"default_layout","footnotes":""},"categories":[9],"tags":[],"class_list":["post-72407","post","type-post","status-publish","format-standard","has-post-thumbnail","hentry","category-cursos"],"acf":[],"_links":{"self":[{"href":"https:\/\/vocesparalelas.com.ar\/sitio\/wp-json\/wp\/v2\/posts\/72407","targetHints":{"allow":["GET"]}}],"collection":[{"href":"https:\/\/vocesparalelas.com.ar\/sitio\/wp-json\/wp\/v2\/posts"}],"about":[{"href":"https:\/\/vocesparalelas.com.ar\/sitio\/wp-json\/wp\/v2\/types\/post"}],"author":[{"embeddable":true,"href":"https:\/\/vocesparalelas.com.ar\/sitio\/wp-json\/wp\/v2\/users\/3"}],"replies":[{"embeddable":true,"href":"https:\/\/vocesparalelas.com.ar\/sitio\/wp-json\/wp\/v2\/comments?post=72407"}],"version-history":[{"count":1,"href":"https:\/\/vocesparalelas.com.ar\/sitio\/wp-json\/wp\/v2\/posts\/72407\/revisions"}],"predecessor-version":[{"id":72411,"href":"https:\/\/vocesparalelas.com.ar\/sitio\/wp-json\/wp\/v2\/posts\/72407\/revisions\/72411"}],"wp:featuredmedia":[{"embeddable":true,"href":"https:\/\/vocesparalelas.com.ar\/sitio\/wp-json\/wp\/v2\/media\/72410"}],"wp:attachment":[{"href":"https:\/\/vocesparalelas.com.ar\/sitio\/wp-json\/wp\/v2\/media?parent=72407"}],"wp:term":[{"taxonomy":"category","embeddable":true,"href":"https:\/\/vocesparalelas.com.ar\/sitio\/wp-json\/wp\/v2\/categories?post=72407"},{"taxonomy":"post_tag","embeddable":true,"href":"https:\/\/vocesparalelas.com.ar\/sitio\/wp-json\/wp\/v2\/tags?post=72407"}],"curies":[{"name":"wp","href":"https:\/\/api.w.org\/{rel}","templated":true}]}}