{"id":72384,"date":"2024-05-14T21:49:16","date_gmt":"2024-05-15T00:49:16","guid":{"rendered":"https:\/\/vocesparalelas.com.ar\/sitio\/?p=72384"},"modified":"2024-05-16T00:20:32","modified_gmt":"2024-05-16T03:20:32","slug":"intimo-con-valeria-lynch-y-mariano-martinez-en-el-auditorio-ing-juan-victoria","status":"publish","type":"post","link":"https:\/\/vocesparalelas.com.ar\/sitio\/intimo-con-valeria-lynch-y-mariano-martinez-en-el-auditorio-ing-juan-victoria\/","title":{"rendered":"\u00ab\u00cdntimo\u00bb con Valeria Lynch y Mariano Mart\u00ednez en el Auditorio Ing. Juan Victoria"},"content":{"rendered":"<p>Valeria Lynch y Mariano Mart\u00ednez se unen para ofrecer un espect\u00e1culo \u00fanico lleno de emociones y recuerdos, \u00ab\u00cdntimo\u00bb.<\/p>\n<p>Este encuentro musical promete cautivar a los espectadores con una combinaci\u00f3n de temas actuales y cl\u00e1sicos de ambos artistas.<\/p>\n<p>El evento se desarrolla el 30 de Mayo, en el Auditorio Ing. Juan Victoria, dependiente del Ministerio de Turismo, Cultura y Deporte del Gobierno de San Juan.<\/p>\n<p>Lynch, reconocida como una de las grandes voces de la m\u00fasica argentina, inici\u00f3 su exitosa carrera a finales de la d\u00e9cada del 60. Temas emblem\u00e1ticos como \u00abQue ganas de no verte nunca m\u00e1s\u00bb, \u00abMe das cada d\u00eda m\u00e1s\u00bb y \u00ab\u00c1mame en c\u00e1mara lenta\u00bb son solo algunos de los que formar\u00e1n parte de esta velada inolvidable.<\/p>\n<p>Por su parte, Mart\u00ednez, guitarrista, cantante y productor musical, es conocido por su trabajo con la legendaria banda Attaque 77, de la cual es l\u00edder fundador. Con 35 a\u00f1os de trayectoria, Mart\u00ednez dej\u00f3 su marca con \u00e9xitos como \u00abArranca Corazones\u00bb, \u00abHacelo por m\u00ed\u00bb y \u00abNo me arrepiento de este amor\u00bb.<\/p>\n<p><iframe loading=\"lazy\" title=\"VALERIA LYNCH &amp; MARIANO MARTINEZ - Una canci\u00f3n de amor (Video Oficial)\" width=\"800\" height=\"450\" src=\"https:\/\/www.youtube.com\/embed\/VW_D67MgAkk?feature=oembed\" frameborder=\"0\" allow=\"accelerometer; autoplay; clipboard-write; encrypted-media; gyroscope; picture-in-picture; web-share\" referrerpolicy=\"strict-origin-when-cross-origin\" allowfullscreen><\/iframe><\/p>\n<p>Las entradas ya est\u00e1n disponibles y pueden adquirirse a trav\u00e9s de eTickets o en la boleter\u00eda del Auditorio. Con esta propuesta, el p\u00fablico local tendr\u00e1 la oportunidad de ser parte de este encuentro \u00fanico entre dos referentes de la m\u00fasica nacional.<\/p>\n<p><img loading=\"lazy\" decoding=\"async\" class=\"alignnone size-full wp-image-61468\" src=\"https:\/\/vocesparalelas.com.ar\/sitio\/wp-content\/uploads\/2023\/07\/AUDITORIO-EDIFICIO.jpg\" alt=\"\" width=\"800\" height=\"533\" srcset=\"https:\/\/vocesparalelas.com.ar\/sitio\/wp-content\/uploads\/2023\/07\/AUDITORIO-EDIFICIO.jpg 800w, https:\/\/vocesparalelas.com.ar\/sitio\/wp-content\/uploads\/2023\/07\/AUDITORIO-EDIFICIO-300x200.jpg 300w, https:\/\/vocesparalelas.com.ar\/sitio\/wp-content\/uploads\/2023\/07\/AUDITORIO-EDIFICIO-768x512.jpg 768w\" sizes=\"auto, (max-width: 800px) 100vw, 800px\" \/><\/p>\n","protected":false},"excerpt":{"rendered":"<p>Valeria Lynch y Mariano Mart\u00ednez se unen para ofrecer un espect\u00e1culo \u00fanico lleno de emociones y recuerdos, \u00ab\u00cdntimo\u00bb. Este encuentro<\/p>\n","protected":false},"author":3,"featured_media":72387,"comment_status":"closed","ping_status":"closed","sticky":false,"template":"","format":"standard","meta":{"_acf_changed":false,"_seopress_robots_primary_cat":"none","_seopress_titles_title":"","_seopress_titles_desc":"","_seopress_robots_index":"","colormag_page_container_layout":"default_layout","colormag_page_sidebar_layout":"default_layout","footnotes":""},"categories":[20,7],"tags":[],"class_list":["post-72384","post","type-post","status-publish","format-standard","has-post-thumbnail","hentry","category-cartelera","category-videos"],"acf":[],"_links":{"self":[{"href":"https:\/\/vocesparalelas.com.ar\/sitio\/wp-json\/wp\/v2\/posts\/72384","targetHints":{"allow":["GET"]}}],"collection":[{"href":"https:\/\/vocesparalelas.com.ar\/sitio\/wp-json\/wp\/v2\/posts"}],"about":[{"href":"https:\/\/vocesparalelas.com.ar\/sitio\/wp-json\/wp\/v2\/types\/post"}],"author":[{"embeddable":true,"href":"https:\/\/vocesparalelas.com.ar\/sitio\/wp-json\/wp\/v2\/users\/3"}],"replies":[{"embeddable":true,"href":"https:\/\/vocesparalelas.com.ar\/sitio\/wp-json\/wp\/v2\/comments?post=72384"}],"version-history":[{"count":1,"href":"https:\/\/vocesparalelas.com.ar\/sitio\/wp-json\/wp\/v2\/posts\/72384\/revisions"}],"predecessor-version":[{"id":72388,"href":"https:\/\/vocesparalelas.com.ar\/sitio\/wp-json\/wp\/v2\/posts\/72384\/revisions\/72388"}],"wp:featuredmedia":[{"embeddable":true,"href":"https:\/\/vocesparalelas.com.ar\/sitio\/wp-json\/wp\/v2\/media\/72387"}],"wp:attachment":[{"href":"https:\/\/vocesparalelas.com.ar\/sitio\/wp-json\/wp\/v2\/media?parent=72384"}],"wp:term":[{"taxonomy":"category","embeddable":true,"href":"https:\/\/vocesparalelas.com.ar\/sitio\/wp-json\/wp\/v2\/categories?post=72384"},{"taxonomy":"post_tag","embeddable":true,"href":"https:\/\/vocesparalelas.com.ar\/sitio\/wp-json\/wp\/v2\/tags?post=72384"}],"curies":[{"name":"wp","href":"https:\/\/api.w.org\/{rel}","templated":true}]}}