{"id":72328,"date":"2024-05-13T20:16:25","date_gmt":"2024-05-13T23:16:25","guid":{"rendered":"https:\/\/vocesparalelas.com.ar\/sitio\/?p=72328"},"modified":"2024-05-14T23:52:50","modified_gmt":"2024-05-15T02:52:50","slug":"premios-adquisicion-de-la-xxix-feria-internacional-de-artesanias-de-san-juan","status":"publish","type":"post","link":"https:\/\/vocesparalelas.com.ar\/sitio\/premios-adquisicion-de-la-xxix-feria-internacional-de-artesanias-de-san-juan\/","title":{"rendered":"Premios Adquisici\u00f3n de la XXIX Feria Internacional de Artesan\u00edas de San Juan"},"content":{"rendered":"<p>La XXIX Feria Internacional de Artesan\u00edas, que se realiz\u00f3 en el Costanera Complejo Ferial de Chimbas, se destac\u00f3 por la excelencia y diversidad de los productos artesanales exhibidos. En este marco, se llev\u00f3 a cabo la selecci\u00f3n de los Premios Adquisici\u00f3n, con el objetivo de reconocer la calidad y el talento de los artesanos participantes de esta edici\u00f3n.<\/p>\n<p>Estuvieron presentes el ministro de Turismo, Cultura y Deporte, Guido Romero, la intendenta de Capital, Susana Laciar, el secretario de cultura, Eduardo Varela, la directora del mercado Artesanal, Myriam Atencio, el organizador de la Feria, Maximiliano Cosma y directores de la secretaria de Cultura.<\/p>\n<p>Los Premios Adquisici\u00f3n fueron otorgados, el viernes, a talentosos artesanos provenientes de La Pampa, C\u00f3rdoba, Santa Fe y dos de San Juan, as\u00ed como tambi\u00e9n de Buenos Aires, destacando la calidad y originalidad de sus creaciones.<\/p>\n<p>Por otro lado, se concedieron menciones honor\u00edficas a artesanos de siete departamentos sanjuaninos, uno de C\u00f3rdoba y otro de Tucum\u00e1n, en reconocimiento a su dedicaci\u00f3n y habilidad en el arte del trabajo manual.<\/p>\n<p>El ministro de Turismo, Cultura y Deporte, Dr. Guido Romero, remarc\u00f3 que la cultura es pol\u00edtica de estado en el gobierno del Dr. Marcelo Orrego y destac\u00f3 el trabajo p\u00fablico privado. Adem\u00e1s, recalc\u00f3 que: \u201cEl trabajo de los artesanos es importante porque es la identidad de cada pueblo y es lo que se muestra aqu\u00ed\u201d.<\/p>\n<p>\u201cEs un honor este espacio de premiaci\u00f3n. Las piezas adquiridas por el Gobierno de San Juan ser\u00e1n destinadas a la colecci\u00f3n permanente del Mercado Artesanal. Valoramos a cada uno de los maestros artesanos por mantener en alto el patrimonio cultural\u201d, sostuvo la directora del Mercado Artesanal Luisa Escudero, Miriam Atencio.<\/p>\n<p>En cuanto a la selecci\u00f3n de obras, el jurado estuvo integrado por personalidades del \u00e1mbito cultural y art\u00edstico, entre ellas Arq. Marcela C\u00e9spedes, directora de la Maestr\u00eda de Dise\u00f1o Estrat\u00e9gico Sostenible de la FAUD-UNSJ; Prof. Ana Gim\u00e9nez, directora de Artes Visuales FFHA-UNSJ; Lic. Emanuel D\u00edaz Ru\u00edz, director del Museo Provincial de Bellas Artes Franklin Rawson; Libana Guzm\u00e1n, directora de Infraestructura del Ministerio de Turismo, Cultura y Deporte; y Miriam Atencio, directora del Mercado Artesanal Luisa Escudero.<\/p>\n<p>En esta edici\u00f3n 2024, el primer premio adquisici\u00f3n fue una \u201cOlla comunitaria Ranquel, con cazuelas Piches\u201d. Realizada por Natalia Mart\u00ednez y Juan P\u00e9rez, artesanos de Santa Rosa, La Pampa. La pieza est\u00e1 compuesta por una vasija y cuatro cazuelas \u201cpiche\u201d inspiradas en el animal aut\u00f3ctono de La Pampa. El segundo es un \u201cDije Hojas\u201d realizado por Inti Quillu, de la mano de Maia Muchardi y Marcelo Ferreira de Villa General Belgrano, C\u00f3rdoba. Una \u201cBatea de madera tallada\u201d por Julio Atencio, artesano de Valle F\u00e9rtil, San Juan, fue la tercera adquisici\u00f3n.<\/p>\n<p>En cuarto lugar, qued\u00f3 un \u201cCuchillo con cabo de tientos\u201d elaborado por Juan Cruz, artesano de Calchaqu\u00ed, Santa Fe. Un \u201cJuego de mate\u201d de Tom\u00e1s Aiello, artesano de San Fernando, de Buenos Aires, fue la quinta adquisici\u00f3n. Finalmente, una \u201cVasija con llorona en relieve\u201d del artesano C\u00e9sar Salas de J\u00e1chal, fue la sexta adquisici\u00f3n.<\/p>\n<p>En cu\u00e1nto, a las menciones honor\u00edficas fueron para \u201cPeleros\u201d de la artesana Lidia Moyano, de 25 de Mayo; \u201cCabezada Completa y Lazo\u201d de Facundo Herrera, de Valle F\u00e9rtil; \u201cChalina\u201d de Elisa Mondaca, de Iglesia; un \u201cAnillo Torre\u201d, realizado por el artesano V\u00edctor Nicodella, de Calamuchita C\u00f3rdoba.<\/p>\n<p>Otras menciones fueron para una \u201cAlforja con Bordado Felpa\u201d, de Clara Quiroga de Albard\u00f3n, tambi\u00e9n una \u201cTabla de Asado\u201d de Javier Arrieta de San Miguel de Tucum\u00e1n; adem\u00e1s de un \u201cAuto Antiguo de Madera\u201d realizado por Antonio Abarca, de Chimbas.<\/p>\n<p>Una \u201cHachuela de Cocina\u201d, elaborada por \u00c1ngel Rodolfo Leiva, de Rawson San Juan, un \u201cLazo de Campo\u201d, de Jos\u00e9 Elizondo, de Valle F\u00e9rtil, \u201cPoncho de Ni\u00f1o\u201d de Teresa D\u00edaz, de Calingasta, tambi\u00e9n fueron parte de las menciones honorificas otorgadas.<\/p>\n<p><img loading=\"lazy\" decoding=\"async\" class=\"alignnone size-full wp-image-72331\" src=\"https:\/\/vocesparalelas.com.ar\/sitio\/wp-content\/uploads\/2024\/05\/ARTESANIAS-PREMIO-01.jpg\" alt=\"\" width=\"800\" height=\"534\" srcset=\"https:\/\/vocesparalelas.com.ar\/sitio\/wp-content\/uploads\/2024\/05\/ARTESANIAS-PREMIO-01.jpg 800w, https:\/\/vocesparalelas.com.ar\/sitio\/wp-content\/uploads\/2024\/05\/ARTESANIAS-PREMIO-01-300x200.jpg 300w, https:\/\/vocesparalelas.com.ar\/sitio\/wp-content\/uploads\/2024\/05\/ARTESANIAS-PREMIO-01-768x513.jpg 768w\" sizes=\"auto, (max-width: 800px) 100vw, 800px\" \/><\/p>\n<p>&nbsp;<\/p>\n<p>&nbsp;<\/p>\n","protected":false},"excerpt":{"rendered":"<p>La XXIX Feria Internacional de Artesan\u00edas, que se realiz\u00f3 en el Costanera Complejo Ferial de Chimbas, se destac\u00f3 por la<\/p>\n","protected":false},"author":3,"featured_media":72332,"comment_status":"closed","ping_status":"closed","sticky":false,"template":"","format":"standard","meta":{"_acf_changed":false,"_seopress_robots_primary_cat":"none","_seopress_titles_title":"","_seopress_titles_desc":"","_seopress_robots_index":"","colormag_page_container_layout":"default_layout","colormag_page_sidebar_layout":"default_layout","footnotes":""},"categories":[8],"tags":[],"class_list":["post-72328","post","type-post","status-publish","format-standard","has-post-thumbnail","hentry","category-concursos"],"acf":[],"_links":{"self":[{"href":"https:\/\/vocesparalelas.com.ar\/sitio\/wp-json\/wp\/v2\/posts\/72328","targetHints":{"allow":["GET"]}}],"collection":[{"href":"https:\/\/vocesparalelas.com.ar\/sitio\/wp-json\/wp\/v2\/posts"}],"about":[{"href":"https:\/\/vocesparalelas.com.ar\/sitio\/wp-json\/wp\/v2\/types\/post"}],"author":[{"embeddable":true,"href":"https:\/\/vocesparalelas.com.ar\/sitio\/wp-json\/wp\/v2\/users\/3"}],"replies":[{"embeddable":true,"href":"https:\/\/vocesparalelas.com.ar\/sitio\/wp-json\/wp\/v2\/comments?post=72328"}],"version-history":[{"count":4,"href":"https:\/\/vocesparalelas.com.ar\/sitio\/wp-json\/wp\/v2\/posts\/72328\/revisions"}],"predecessor-version":[{"id":72336,"href":"https:\/\/vocesparalelas.com.ar\/sitio\/wp-json\/wp\/v2\/posts\/72328\/revisions\/72336"}],"wp:featuredmedia":[{"embeddable":true,"href":"https:\/\/vocesparalelas.com.ar\/sitio\/wp-json\/wp\/v2\/media\/72332"}],"wp:attachment":[{"href":"https:\/\/vocesparalelas.com.ar\/sitio\/wp-json\/wp\/v2\/media?parent=72328"}],"wp:term":[{"taxonomy":"category","embeddable":true,"href":"https:\/\/vocesparalelas.com.ar\/sitio\/wp-json\/wp\/v2\/categories?post=72328"},{"taxonomy":"post_tag","embeddable":true,"href":"https:\/\/vocesparalelas.com.ar\/sitio\/wp-json\/wp\/v2\/tags?post=72328"}],"curies":[{"name":"wp","href":"https:\/\/api.w.org\/{rel}","templated":true}]}}