{"id":72292,"date":"2024-05-10T22:26:32","date_gmt":"2024-05-11T01:26:32","guid":{"rendered":"https:\/\/vocesparalelas.com.ar\/sitio\/?p=72292"},"modified":"2024-05-14T01:15:13","modified_gmt":"2024-05-14T04:15:13","slug":"san-juan-busca-inversores-para-que-exploten-el-litio-y-el-cobre","status":"publish","type":"post","link":"https:\/\/vocesparalelas.com.ar\/sitio\/san-juan-busca-inversores-para-que-exploten-el-litio-y-el-cobre\/","title":{"rendered":"\u00abSan Juan busca inversores para que exploten el Litio y el Cobre\u00bb"},"content":{"rendered":"<p>En la celebraci\u00f3n del D\u00eda de la Miner\u00eda, Orrego particip\u00f3 de la presentaci\u00f3n de la Expo Minera<\/p>\n<p>La 10\u00b0 Exposici\u00f3n Internacional: San Juan Minera\u00bb, organizada por el medio especializado Panorama Minero, se realizar\u00e1 del 21 al 23 de mayo, en el predio Cepas Sanjuaninas<\/p>\n<p>En la jornada de este viernes y en el marco de la celebraci\u00f3n local del D\u00eda de la Miner\u00eda, que fue el pasado 7 de mayo, el gobernador Marcelo Orrego particip\u00f3 de la presentaci\u00f3n oficial de la 10\u00b0 Exposici\u00f3n Internacional: San Juan Minera\u00bb, organizada por el medio especializado Panorama Minero, se realizar\u00e1 del 21 al 23 de mayo, en el predio Cepas Sanjuaninas.<\/p>\n<p>En la previa al acto oficial del Gobierno de San Juan, el Gobernador Dr. Marcelo Orrego, explic\u00f3 lo que significa el D\u00eda de la Miner\u00eda y fundamentalmente, hoy se busca inversores para que exploten el Litio y el Cobre en la provincia. Esto significa m\u00e1s mano de trabajo para los trabajadores.<\/p>\n<p>&nbsp;<\/p>\n<p><iframe loading=\"lazy\" title=\"SAN JUAN MINERA GOBERNADOR DR MARCELO ORREGO\" width=\"800\" height=\"450\" src=\"https:\/\/www.youtube.com\/embed\/GiM8y7xgqo0?feature=oembed\" frameborder=\"0\" allow=\"accelerometer; autoplay; clipboard-write; encrypted-media; gyroscope; picture-in-picture; web-share\" referrerpolicy=\"strict-origin-when-cross-origin\" allowfullscreen><\/iframe><\/p>\n<p>&nbsp;<\/p>\n<p>Durante el acto, el Dr. Marcelo Orrego remarc\u00f3 que \u00abpara nosotros los sanjuaninos la miner\u00eda inexorablemente es una pol\u00edtica de Estado. El 83% que tenemos en nuestro territorio son monta\u00f1as, un 3% es cultivable y lo dem\u00e1s lo dem\u00e1s es desierto, entonces conocemos perfectamente nuestra matriz productiva. Sabemos que tenemos que trabajar mucho. La miner\u00eda va a trabajar con una locomotora, y despu\u00e9s se despiertan otras actividades y se unen para un crecimiento y desarrollo. La econom\u00eda de San Juan cada vez tiene que estar m\u00e1s diversificada pero claramente sabemos que, la miner\u00eda, el turismo, en este caso lo que son nuestras econom\u00edas regionales, lo particular la agroindustria, son motores fundamentales\u00bb.<\/p>\n<figure id=\"attachment_72296\" aria-describedby=\"caption-attachment-72296\" style=\"width: 800px\" class=\"wp-caption alignnone\"><img loading=\"lazy\" decoding=\"async\" class=\"size-full wp-image-72296\" src=\"https:\/\/vocesparalelas.com.ar\/sitio\/wp-content\/uploads\/2024\/05\/MINERIA-ORREGO-10.jpg\" alt=\"\" width=\"800\" height=\"564\" srcset=\"https:\/\/vocesparalelas.com.ar\/sitio\/wp-content\/uploads\/2024\/05\/MINERIA-ORREGO-10.jpg 800w, https:\/\/vocesparalelas.com.ar\/sitio\/wp-content\/uploads\/2024\/05\/MINERIA-ORREGO-10-300x212.jpg 300w, https:\/\/vocesparalelas.com.ar\/sitio\/wp-content\/uploads\/2024\/05\/MINERIA-ORREGO-10-768x541.jpg 768w\" sizes=\"auto, (max-width: 800px) 100vw, 800px\" \/><figcaption id=\"caption-attachment-72296\" class=\"wp-caption-text\">Gobernador de San Juan, Dr. Marcelo Orrego<\/figcaption><\/figure>\n<p>\u00abLa miner\u00eda claramente cumple un papel fundamental y en estos tiempos a\u00fan m\u00e1s, a\u00fan m\u00e1s porque yo he venido ac\u00e1, como lo dec\u00eda un poco cada uno de los que hablaban, a ratificar, a suscribir cada una de las palabras pero tambi\u00e9n a comprometernos con una miner\u00eda responsable y amigable con el ambiente, una miner\u00eda que traiga prosperidad y en estos tiempos\u00bb.<\/p>\n<p>Sigui\u00f3 en su discurso hablando sobre importancia de la electromovilidad y la transici\u00f3n energ\u00e9tica a nivel internacional, destac\u00f3 el papel fundamental de la miner\u00eda y la energ\u00eda renovable en San Juan. Enfatiz\u00f3 el valor estrat\u00e9gico del litio y el cobre, as\u00ed como la necesidad de cautela en su gesti\u00f3n. Adem\u00e1s destac\u00f3 la importancia de la confianza y la licencia social para el desarrollo minero, junto con el llamado a trabajar conjuntamente para el crecimiento econ\u00f3mico y el bienestar de la poblaci\u00f3n. Expres\u00f3 una visi\u00f3n optimista sobre el futuro de la industria minera, instando a comenzar a producir y construir, y se reconoce la diversidad de actores involucrados en el desarrollo econ\u00f3mico de la regi\u00f3n.<\/p>\n<p>Mientras que el ministro de Miner\u00eda, Dr. Juan Pablo Perea, destac\u00f3 la importancia de la identidad minera en San Juan, la responsabilidad hacia el medio ambiente, y la necesidad de trabajar juntos para alcanzar el \u00e9xito.<\/p>\n<p><img loading=\"lazy\" decoding=\"async\" class=\"alignnone size-full wp-image-72297\" src=\"https:\/\/vocesparalelas.com.ar\/sitio\/wp-content\/uploads\/2024\/05\/SAN-JUAN-MINERIA-SAN-JUAN-01.jpg\" alt=\"\" width=\"800\" height=\"450\" srcset=\"https:\/\/vocesparalelas.com.ar\/sitio\/wp-content\/uploads\/2024\/05\/SAN-JUAN-MINERIA-SAN-JUAN-01.jpg 800w, https:\/\/vocesparalelas.com.ar\/sitio\/wp-content\/uploads\/2024\/05\/SAN-JUAN-MINERIA-SAN-JUAN-01-300x169.jpg 300w, https:\/\/vocesparalelas.com.ar\/sitio\/wp-content\/uploads\/2024\/05\/SAN-JUAN-MINERIA-SAN-JUAN-01-768x432.jpg 768w\" sizes=\"auto, (max-width: 800px) 100vw, 800px\" \/><\/p>\n<p>Por otro lado, el Ge\u00f3logo Ricardo Mart\u00ednez, presidente de la C\u00e1mara Minera reconoci\u00f3 la importancia de la miner\u00eda en San Juan, haciendo referencia a la visi\u00f3n de Sarmiento y la relevancia de la industria en el desarrollo y la sostenibilidad de la regi\u00f3n.<\/p>\n<p><span style=\"color: #ff6600;\"><strong>Sobre la Expo Minera<\/strong><\/span><\/p>\n<p>Cabe destacar que el evento tiene lugar cada dos a\u00f1os y arranc\u00f3 en 2006. Se trata de un encuentro que re\u00fane a los actores clave de la industria minera.<\/p>\n<p>La expo, se realizar\u00e1 en la regi\u00f3n m\u00e1s pr\u00f3spera para la inversi\u00f3n minera en Latinoam\u00e9rica seg\u00fan estimaciones del Instituto Fraser. Reunir\u00e1 a cinco gobernadores determinantes en el futuro del sector, entre ellos: Marcelo Orrego, el m\u00e1ximo mandatario sanjuanino; Gustavo S\u00e1enz, gobernador de Salta, Carlos Sadir, su par de Jujuy; Ra\u00fal Jalil, gobernador de Catamarca, y Alfredo Cornejo. Tambi\u00e9n participar\u00e1 el secretario de Miner\u00eda de Naci\u00f3n, Luis Lucero.<\/p>\n<p>Es importante destacar que este evento fue declarado de inter\u00e9s por Presidencia de la Naci\u00f3n, espera reunir a m\u00e1s de 15.000 personas, junto a 300 empresas y organizaciones vinculadas a la industria minera, un sector vital para la econom\u00eda argentina y presente en las proyecciones de desarrollo tanto del gobierno Nacional como de los gobiernos provinciales con potencial en las industrias extractivas.<\/p>\n<p>Por otro lado, entre los participantes tendr\u00e1n presencia de representantes de siete de los ocho megaproyectos de cobre en el pa\u00eds, tales como Josemar\u00eda, Los Azules, Proyecto Altar, Taca Taca, MARA, El Pach\u00f3n y Filo del Sol. Tambi\u00e9n ser\u00e1n de la partida compa\u00f1\u00edas del sector de la cal y firmas l\u00edderes como Barrick, operadora del proyecto de oro Veladero, Minas Argentinas (Gualcamayo) y Challenger Gold, desarrolladora de otro de los proyectos aur\u00edferos que dio que hablar en las \u00faltimas semanas por el ingreso de Eduardo Elsztain como inversor.<\/p>\n<p>Expo San Juan Minera 2024 atraer\u00e1 a delegaciones internacionales interesadas en invertir en Argentina, principalmente provenientes de la Uni\u00f3n Europea, Per\u00fa, Chile, Brasil, Estados Unidos y Canad\u00e1.<\/p>\n<p>Una de las actividades m\u00e1s destacadas ser\u00e1 la firma del acuerdo por la Mesa del Cobre, un sector que tiene el potencial de movilizar inversiones por m\u00e1s de US$20.000 millones y generar exportaciones adicionales de US$9.000 millones anuales si se logran activar seis de los ocho megaproyectos en marcha.<\/p>\n<p>El evento incluir\u00e1 la participaci\u00f3n de importantes actores del sector como la C\u00e1mara Argentina de Empresas Mineras, el Departamento de Miner\u00eda de la Uni\u00f3n Industrial Argentina, la Asociaci\u00f3n Obrera Minera Argentina, el sindicato ASIJEMIN, la C\u00e1mara de Comercio Argentino-Canadiense, Women in Mining Argentina y el Consejo Federal de Miner\u00eda (COFEMIN).<\/p>\n","protected":false},"excerpt":{"rendered":"<p>En la celebraci\u00f3n del D\u00eda de la Miner\u00eda, Orrego particip\u00f3 de la presentaci\u00f3n de la Expo Minera La 10\u00b0 Exposici\u00f3n<\/p>\n","protected":false},"author":3,"featured_media":72295,"comment_status":"closed","ping_status":"closed","sticky":false,"template":"","format":"standard","meta":{"_acf_changed":false,"_seopress_robots_primary_cat":"none","_seopress_titles_title":"","_seopress_titles_desc":"","_seopress_robots_index":"","colormag_page_container_layout":"default_layout","colormag_page_sidebar_layout":"default_layout","footnotes":""},"categories":[2,7],"tags":[],"class_list":["post-72292","post","type-post","status-publish","format-standard","has-post-thumbnail","hentry","category-convocatorias","category-videos"],"acf":[],"_links":{"self":[{"href":"https:\/\/vocesparalelas.com.ar\/sitio\/wp-json\/wp\/v2\/posts\/72292","targetHints":{"allow":["GET"]}}],"collection":[{"href":"https:\/\/vocesparalelas.com.ar\/sitio\/wp-json\/wp\/v2\/posts"}],"about":[{"href":"https:\/\/vocesparalelas.com.ar\/sitio\/wp-json\/wp\/v2\/types\/post"}],"author":[{"embeddable":true,"href":"https:\/\/vocesparalelas.com.ar\/sitio\/wp-json\/wp\/v2\/users\/3"}],"replies":[{"embeddable":true,"href":"https:\/\/vocesparalelas.com.ar\/sitio\/wp-json\/wp\/v2\/comments?post=72292"}],"version-history":[{"count":1,"href":"https:\/\/vocesparalelas.com.ar\/sitio\/wp-json\/wp\/v2\/posts\/72292\/revisions"}],"predecessor-version":[{"id":72298,"href":"https:\/\/vocesparalelas.com.ar\/sitio\/wp-json\/wp\/v2\/posts\/72292\/revisions\/72298"}],"wp:featuredmedia":[{"embeddable":true,"href":"https:\/\/vocesparalelas.com.ar\/sitio\/wp-json\/wp\/v2\/media\/72295"}],"wp:attachment":[{"href":"https:\/\/vocesparalelas.com.ar\/sitio\/wp-json\/wp\/v2\/media?parent=72292"}],"wp:term":[{"taxonomy":"category","embeddable":true,"href":"https:\/\/vocesparalelas.com.ar\/sitio\/wp-json\/wp\/v2\/categories?post=72292"},{"taxonomy":"post_tag","embeddable":true,"href":"https:\/\/vocesparalelas.com.ar\/sitio\/wp-json\/wp\/v2\/tags?post=72292"}],"curies":[{"name":"wp","href":"https:\/\/api.w.org\/{rel}","templated":true}]}}