{"id":72230,"date":"2024-05-09T22:03:31","date_gmt":"2024-05-10T01:03:31","guid":{"rendered":"https:\/\/vocesparalelas.com.ar\/sitio\/?p=72230"},"modified":"2024-05-11T00:28:01","modified_gmt":"2024-05-11T03:28:01","slug":"inscripcion-presencial-para-las-becas-progresar-en-san-juan","status":"publish","type":"post","link":"https:\/\/vocesparalelas.com.ar\/sitio\/inscripcion-presencial-para-las-becas-progresar-en-san-juan\/","title":{"rendered":"Inscripci\u00f3n presencial para las Becas Progresar en San Juan"},"content":{"rendered":"<p>La Direcci\u00f3n de Educaci\u00f3n de J\u00f3venes y Adultos del Ministerio de Educaci\u00f3n del Gobierno de San Juan informa a los alumnos que no pudieron inscribirse online para las Becas Progresar, el Lunes, 13 al Viernes, 17 de Mayo, de 9 a 12 hs, deben asistir a la Isla del Ministerio de Educaci\u00f3n, en el Centro C\u00edvico.<\/p>\n<p><strong><span style=\"color: #ff6600;\">Los postulantes tienen que presentar<\/span><\/strong><\/p>\n<ul>\n<li>Nombre y n\u00famero de CUE de la instituci\u00f3n en la que cursa .<\/li>\n<li>Correo electr\u00f3nico del alumno.<\/li>\n<li>DNI<\/li>\n<li>Estudiantes de Educaci\u00f3n Especial, presentar el Certificado \u00danico de Discapacidad (CUD)<\/li>\n<\/ul>\n<p><strong><span style=\"color: #ff6600;\">Mayor informaci\u00f3n o consultas<\/span><\/strong><\/p>\n<p>Comunicarse al 4305747 y 4305866 en horario de 8 a 12:30 hs.<\/p>\n<p><img loading=\"lazy\" decoding=\"async\" class=\"alignnone size-full wp-image-28629\" src=\"https:\/\/vocesparalelas.com.ar\/sitio\/wp-content\/uploads\/2020\/05\/MINISTERIO-EDUCACION-SJ.jpg\" alt=\"\" width=\"800\" height=\"533\" srcset=\"https:\/\/vocesparalelas.com.ar\/sitio\/wp-content\/uploads\/2020\/05\/MINISTERIO-EDUCACION-SJ.jpg 800w, https:\/\/vocesparalelas.com.ar\/sitio\/wp-content\/uploads\/2020\/05\/MINISTERIO-EDUCACION-SJ-300x200.jpg 300w, https:\/\/vocesparalelas.com.ar\/sitio\/wp-content\/uploads\/2020\/05\/MINISTERIO-EDUCACION-SJ-768x512.jpg 768w\" sizes=\"auto, (max-width: 800px) 100vw, 800px\" \/><\/p>\n","protected":false},"excerpt":{"rendered":"<p>La Direcci\u00f3n de Educaci\u00f3n de J\u00f3venes y Adultos del Ministerio de Educaci\u00f3n del Gobierno de San Juan informa a los<\/p>\n","protected":false},"author":3,"featured_media":5706,"comment_status":"closed","ping_status":"closed","sticky":false,"template":"","format":"standard","meta":{"_acf_changed":false,"_seopress_robots_primary_cat":"none","_seopress_titles_title":"","_seopress_titles_desc":"","_seopress_robots_index":"","colormag_page_container_layout":"default_layout","colormag_page_sidebar_layout":"default_layout","footnotes":""},"categories":[2],"tags":[],"class_list":["post-72230","post","type-post","status-publish","format-standard","has-post-thumbnail","hentry","category-convocatorias"],"acf":[],"_links":{"self":[{"href":"https:\/\/vocesparalelas.com.ar\/sitio\/wp-json\/wp\/v2\/posts\/72230","targetHints":{"allow":["GET"]}}],"collection":[{"href":"https:\/\/vocesparalelas.com.ar\/sitio\/wp-json\/wp\/v2\/posts"}],"about":[{"href":"https:\/\/vocesparalelas.com.ar\/sitio\/wp-json\/wp\/v2\/types\/post"}],"author":[{"embeddable":true,"href":"https:\/\/vocesparalelas.com.ar\/sitio\/wp-json\/wp\/v2\/users\/3"}],"replies":[{"embeddable":true,"href":"https:\/\/vocesparalelas.com.ar\/sitio\/wp-json\/wp\/v2\/comments?post=72230"}],"version-history":[{"count":1,"href":"https:\/\/vocesparalelas.com.ar\/sitio\/wp-json\/wp\/v2\/posts\/72230\/revisions"}],"predecessor-version":[{"id":72233,"href":"https:\/\/vocesparalelas.com.ar\/sitio\/wp-json\/wp\/v2\/posts\/72230\/revisions\/72233"}],"wp:featuredmedia":[{"embeddable":true,"href":"https:\/\/vocesparalelas.com.ar\/sitio\/wp-json\/wp\/v2\/media\/5706"}],"wp:attachment":[{"href":"https:\/\/vocesparalelas.com.ar\/sitio\/wp-json\/wp\/v2\/media?parent=72230"}],"wp:term":[{"taxonomy":"category","embeddable":true,"href":"https:\/\/vocesparalelas.com.ar\/sitio\/wp-json\/wp\/v2\/categories?post=72230"},{"taxonomy":"post_tag","embeddable":true,"href":"https:\/\/vocesparalelas.com.ar\/sitio\/wp-json\/wp\/v2\/tags?post=72230"}],"curies":[{"name":"wp","href":"https:\/\/api.w.org\/{rel}","templated":true}]}}