{"id":72198,"date":"2024-05-07T22:21:49","date_gmt":"2024-05-08T01:21:49","guid":{"rendered":"https:\/\/vocesparalelas.com.ar\/sitio\/?p=72198"},"modified":"2024-05-09T20:45:45","modified_gmt":"2024-05-09T23:45:45","slug":"paro-general-del-9-de-mayo-de-2024-convocado-por-la-cgt-en-argentina","status":"publish","type":"post","link":"https:\/\/vocesparalelas.com.ar\/sitio\/paro-general-del-9-de-mayo-de-2024-convocado-por-la-cgt-en-argentina\/","title":{"rendered":"Paro General del 9 de Mayo de 2024 convocado por la CGT en Argentina"},"content":{"rendered":"<p class=\"paragraph\" data-mrf-recirculation=\"Links inline\">El Jueves, 9 de Mayo se lleva adelante el paro general impulsado por la CGT\u00a0y ambas\u00a0CTA en contra del gobierno del Presidente de Argentina, Econ. Javier Milei y, particularmente, en rechazo a la Ley Bases: el proyecto oficialista que ya recibi\u00f3 la media sanci\u00f3n en la C\u00e1mara de Diputados de la Naci\u00f3n y ahora debe ser tratada en el Senado para su aprobaci\u00f3n total.<\/p>\n<p class=\"paragraph\" data-mrf-recirculation=\"Links inline\">Se trata de una medida de fuerza a la que\u00a0adhirieron varios gremios y sindicatos\u00a0y que, por consiguiente,\u00a0afecta a diferentes sectores.<\/p>\n<p class=\"paragraph\" data-mrf-recirculation=\"Links inline\">Entre ellos, a las entidades bancarias, las escuelas, los hospitales y los aeropuertos. Tambi\u00e9n, se ve alterado el normal funcionamiento del transporte p\u00fablico,\u00a0de los\u00a0comercios y las estaciones de servicio.<\/p>\n<p data-mrf-recirculation=\"Links inline\">Fuente Infobae<\/p>\n<p data-mrf-recirculation=\"Links inline\">\n","protected":false},"excerpt":{"rendered":"<p>El Jueves, 9 de Mayo se lleva adelante el paro general impulsado por la CGT\u00a0y ambas\u00a0CTA en contra del gobierno<\/p>\n","protected":false},"author":3,"featured_media":58195,"comment_status":"closed","ping_status":"closed","sticky":false,"template":"","format":"standard","meta":{"_acf_changed":false,"_seopress_robots_primary_cat":"none","_seopress_titles_title":"","_seopress_titles_desc":"","_seopress_robots_index":"","colormag_page_container_layout":"default_layout","colormag_page_sidebar_layout":"default_layout","footnotes":""},"categories":[1],"tags":[],"class_list":["post-72198","post","type-post","status-publish","format-standard","has-post-thumbnail","hentry","category-destacadas"],"acf":[],"_links":{"self":[{"href":"https:\/\/vocesparalelas.com.ar\/sitio\/wp-json\/wp\/v2\/posts\/72198","targetHints":{"allow":["GET"]}}],"collection":[{"href":"https:\/\/vocesparalelas.com.ar\/sitio\/wp-json\/wp\/v2\/posts"}],"about":[{"href":"https:\/\/vocesparalelas.com.ar\/sitio\/wp-json\/wp\/v2\/types\/post"}],"author":[{"embeddable":true,"href":"https:\/\/vocesparalelas.com.ar\/sitio\/wp-json\/wp\/v2\/users\/3"}],"replies":[{"embeddable":true,"href":"https:\/\/vocesparalelas.com.ar\/sitio\/wp-json\/wp\/v2\/comments?post=72198"}],"version-history":[{"count":3,"href":"https:\/\/vocesparalelas.com.ar\/sitio\/wp-json\/wp\/v2\/posts\/72198\/revisions"}],"predecessor-version":[{"id":72217,"href":"https:\/\/vocesparalelas.com.ar\/sitio\/wp-json\/wp\/v2\/posts\/72198\/revisions\/72217"}],"wp:featuredmedia":[{"embeddable":true,"href":"https:\/\/vocesparalelas.com.ar\/sitio\/wp-json\/wp\/v2\/media\/58195"}],"wp:attachment":[{"href":"https:\/\/vocesparalelas.com.ar\/sitio\/wp-json\/wp\/v2\/media?parent=72198"}],"wp:term":[{"taxonomy":"category","embeddable":true,"href":"https:\/\/vocesparalelas.com.ar\/sitio\/wp-json\/wp\/v2\/categories?post=72198"},{"taxonomy":"post_tag","embeddable":true,"href":"https:\/\/vocesparalelas.com.ar\/sitio\/wp-json\/wp\/v2\/tags?post=72198"}],"curies":[{"name":"wp","href":"https:\/\/api.w.org\/{rel}","templated":true}]}}