{"id":72157,"date":"2024-05-07T22:55:28","date_gmt":"2024-05-08T01:55:28","guid":{"rendered":"https:\/\/vocesparalelas.com.ar\/sitio\/?p=72157"},"modified":"2024-05-08T23:59:03","modified_gmt":"2024-05-09T02:59:03","slug":"actividades-mayo-2024-en-la-casa-de-sarmiento-en-san-juan","status":"publish","type":"post","link":"https:\/\/vocesparalelas.com.ar\/sitio\/actividades-mayo-2024-en-la-casa-de-sarmiento-en-san-juan\/","title":{"rendered":"Actividades \u00abMayo 2024\u00bb en la Casa de Sarmiento en San Juan"},"content":{"rendered":"<p>La Biblioteca y Museo de la Casa Natal de Sarmiento te invita a las Actividades \u00abMayo 2024\u00bb\u00a0 para disfrutar.<\/p>\n<p><strong><span style=\"color: #ff6600;\">Programa<\/span><\/strong><\/p>\n<ul>\n<li>Viernes 10 y 24 de mayo &#8211; 20:00 a 21:00\u00a0 hs.; <strong><span style=\"color: #ff6600;\">Una noche colonial en el museo<\/span>, <\/strong>una experiencia especial recorriendo Casa Natal de Sarmiento de noche y conociendo las an\u00e9cdotas m\u00e1s \u00edntimas de la familia Sarmiento.<\/li>\n<li>15 de Mayo, de 18 a 19 hs.; <span style=\"color: #ff6600;\"><strong>Conservaci\u00f3n en acci\u00f3n: Visita especial junto al equipo de Colecciones. <\/strong><\/span>Una invitaci\u00f3n a recorrer y conocer m\u00e1s sobre el trabajo que se realiza en el Museo y Biblioteca Casa Natal de Sarmiento de forma cotidiana y permanente para la gesti\u00f3n y conservaci\u00f3n de los bienes del museo y el monumento.<\/li>\n<li>Hasta el 28 de Mayo, se puede conocer la <strong><span style=\"color: #ff6600;\">Exposici\u00f3n temporaria \u00abArte y labores de la casa. Tareas del museo\u00bb<\/span>. <\/strong>Casa Natal invita a una exposici\u00f3n temporal de bienes restaurados hist\u00f3ricos que pertenecieron a la familia Sarmiento y que forman parte del acervo del Museo.<\/li>\n<\/ul>\n<p><span style=\"color: #ff6600;\"><strong>Horarios de atenci\u00f3n<\/strong><\/span><\/p>\n<ul>\n<li>Martes a viernes de 9:00 a 20:00<\/li>\n<li>S\u00e1bado, domingo y feriados: 9:00 a 15:00<\/li>\n<\/ul>\n<p><span style=\"color: #ff6600;\"><strong>Horarios rese\u00f1as hist\u00f3ricas<\/strong><\/span><\/p>\n<ul>\n<li>Martes a viernes: 9:30 &#8211; 11:00 &#8211; 12:30 &#8211; 15:00 &#8211; 17:00 &#8211; 19:00<\/li>\n<li>S\u00e1bado, domingos y feriados:\u00a09:30 &#8211; 11:00 &#8211; 12:30<\/li>\n<\/ul>\n<p><img loading=\"lazy\" decoding=\"async\" class=\"alignnone size-large wp-image-25888\" src=\"https:\/\/vocesparalelas.com.ar\/sitio\/wp-content\/uploads\/2019\/12\/CASA-SARMIENTO-20-800x600.jpg\" alt=\"\" width=\"800\" height=\"600\" srcset=\"https:\/\/vocesparalelas.com.ar\/sitio\/wp-content\/uploads\/2019\/12\/CASA-SARMIENTO-20.jpg 800w, https:\/\/vocesparalelas.com.ar\/sitio\/wp-content\/uploads\/2019\/12\/CASA-SARMIENTO-20-300x225.jpg 300w, https:\/\/vocesparalelas.com.ar\/sitio\/wp-content\/uploads\/2019\/12\/CASA-SARMIENTO-20-768x576.jpg 768w\" sizes=\"auto, (max-width: 800px) 100vw, 800px\" \/><\/p>\n","protected":false},"excerpt":{"rendered":"<p>La Biblioteca y Museo de la Casa Natal de Sarmiento te invita a las Actividades \u00abMayo 2024\u00bb\u00a0 para disfrutar. Programa<\/p>\n","protected":false},"author":3,"featured_media":41746,"comment_status":"closed","ping_status":"closed","sticky":false,"template":"","format":"standard","meta":{"_acf_changed":false,"_seopress_robots_primary_cat":"none","_seopress_titles_title":"","_seopress_titles_desc":"","_seopress_robots_index":"","colormag_page_container_layout":"default_layout","colormag_page_sidebar_layout":"default_layout","footnotes":""},"categories":[20],"tags":[],"class_list":["post-72157","post","type-post","status-publish","format-standard","has-post-thumbnail","hentry","category-cartelera"],"acf":[],"_links":{"self":[{"href":"https:\/\/vocesparalelas.com.ar\/sitio\/wp-json\/wp\/v2\/posts\/72157","targetHints":{"allow":["GET"]}}],"collection":[{"href":"https:\/\/vocesparalelas.com.ar\/sitio\/wp-json\/wp\/v2\/posts"}],"about":[{"href":"https:\/\/vocesparalelas.com.ar\/sitio\/wp-json\/wp\/v2\/types\/post"}],"author":[{"embeddable":true,"href":"https:\/\/vocesparalelas.com.ar\/sitio\/wp-json\/wp\/v2\/users\/3"}],"replies":[{"embeddable":true,"href":"https:\/\/vocesparalelas.com.ar\/sitio\/wp-json\/wp\/v2\/comments?post=72157"}],"version-history":[{"count":1,"href":"https:\/\/vocesparalelas.com.ar\/sitio\/wp-json\/wp\/v2\/posts\/72157\/revisions"}],"predecessor-version":[{"id":72160,"href":"https:\/\/vocesparalelas.com.ar\/sitio\/wp-json\/wp\/v2\/posts\/72157\/revisions\/72160"}],"wp:featuredmedia":[{"embeddable":true,"href":"https:\/\/vocesparalelas.com.ar\/sitio\/wp-json\/wp\/v2\/media\/41746"}],"wp:attachment":[{"href":"https:\/\/vocesparalelas.com.ar\/sitio\/wp-json\/wp\/v2\/media?parent=72157"}],"wp:term":[{"taxonomy":"category","embeddable":true,"href":"https:\/\/vocesparalelas.com.ar\/sitio\/wp-json\/wp\/v2\/categories?post=72157"},{"taxonomy":"post_tag","embeddable":true,"href":"https:\/\/vocesparalelas.com.ar\/sitio\/wp-json\/wp\/v2\/tags?post=72157"}],"curies":[{"name":"wp","href":"https:\/\/api.w.org\/{rel}","templated":true}]}}