{"id":72138,"date":"2024-05-07T20:15:06","date_gmt":"2024-05-07T23:15:06","guid":{"rendered":"https:\/\/vocesparalelas.com.ar\/sitio\/?p=72138"},"modified":"2024-05-07T21:39:55","modified_gmt":"2024-05-08T00:39:55","slug":"se-fortalece-la-vinculacion-entre-la-educacion-primaria-con-la-unsj","status":"publish","type":"post","link":"https:\/\/vocesparalelas.com.ar\/sitio\/se-fortalece-la-vinculacion-entre-la-educacion-primaria-con-la-unsj\/","title":{"rendered":"Se fortalece la vinculaci\u00f3n entre la Educaci\u00f3n Primaria con la UNSJ"},"content":{"rendered":"<p>Con el prop\u00f3sito de que los estudiantes primarios y sus familias tengan mayor conocimiento sobre la accesibilidad a la formaci\u00f3n universitaria y que los chicos puedan proyectar la continuidad de carreras de grado.<\/p>\n<p>La ministro de Educaci\u00f3n del Gobierno de San Juan, Lic. Silvia Fuentes y la secretaria de Educaci\u00f3n, Lic. Mariela Lueje, la directora de Educaci\u00f3n Primaria, Prof. Liliana Carrascosa, la asesora Pedag\u00f3gica Rosana Belli mantuvieron una reuni\u00f3n de trabajo con la vicerrectora de la Universidad Nacional de San Juan, Dra. Anal\u00eda Ponce, los docente &#8211; investigadores Leonardo Parieti y Fabiana Roco.<\/p>\n<p>La intenci\u00f3n es dar continuidad a la experiencia que se realiz\u00f3 con alumnos de 5\u00b0 grado de las escuelas:<\/p>\n<ul>\n<li>Provincia de Buenos Aires,<\/li>\n<li>Miguel de Azcu\u00e9naga,<\/li>\n<li>Cecilio \u00c1vila,<\/li>\n<li>Conte Grand,<\/li>\n<li>Francisco Villagra y<\/li>\n<li>Pedro Cort\u00ednez.<\/li>\n<\/ul>\n<p>De esta manera, las autoridades, analizaron estrategias para vincular a los alumnos de primaria con la universidad como: conocer la instituci\u00f3n, sus diferentes actividades, sociabilizar y experimentar la vida universitaria. A trav\u00e9s de vistas a las diferentes facultades, laboratorios, talleres, Orquesta y Coros, entre otros.<\/p>\n<p>La vinculaci\u00f3n permitir\u00e1 promover la igualdad de oportunidades frente el acceso al conocimiento. Generando el inter\u00e9s para pensar su futuro proyecto de vida. El estudiante tendr\u00e1 la oportunidad de salir del aula para experimentar un acercamiento e involucrase con otras herramientas para el proceso de construcci\u00f3n de conocimiento.<\/p>\n<p>La vicerrectora de la UNSJ, Dra. Anal\u00eda Ponce destac\u00f3 que \u00abla premisa es visibilizar en los diferentes sectores sociales a la Universidad como un agente de transformaci\u00f3n desde la infancia. Siendo necesario que la conozcan, ya que, nadie elige lo que desconoce. Adem\u00e1s, ponemos a disposici\u00f3n los recursos para dise\u00f1ar actividades pedag\u00f3gicas que complemente el proyecto\u201d.<\/p>\n<p>Luego, la ministra de Educaci\u00f3n, Lic. Silvia Fuentes remarc\u00f3 que \u00abel inter\u00e9s de sumar alternativas que generan herramientas para la formaci\u00f3n de los estudiantes. Como docente tuve la posibilidad de comprobar que incentivando, despertando el inter\u00e9s por conocer de los chicos se les da elementos para que vean m\u00e1s all\u00e1 y sean constructores de su futuro. Las experiencias enriquecen el pensamiento cr\u00edtico, complementan el aprendizaje en el aula y permiten sensibilizar a trav\u00e9s de vivencias formativas \u00fanicas\u201d.<\/p>\n<p><img loading=\"lazy\" decoding=\"async\" class=\"alignnone size-full wp-image-28629\" src=\"https:\/\/vocesparalelas.com.ar\/sitio\/wp-content\/uploads\/2020\/05\/MINISTERIO-EDUCACION-SJ.jpg\" alt=\"\" width=\"800\" height=\"533\" srcset=\"https:\/\/vocesparalelas.com.ar\/sitio\/wp-content\/uploads\/2020\/05\/MINISTERIO-EDUCACION-SJ.jpg 800w, https:\/\/vocesparalelas.com.ar\/sitio\/wp-content\/uploads\/2020\/05\/MINISTERIO-EDUCACION-SJ-300x200.jpg 300w, https:\/\/vocesparalelas.com.ar\/sitio\/wp-content\/uploads\/2020\/05\/MINISTERIO-EDUCACION-SJ-768x512.jpg 768w\" sizes=\"auto, (max-width: 800px) 100vw, 800px\" \/><\/p>\n<p>&nbsp;<\/p>\n<p><img loading=\"lazy\" decoding=\"async\" class=\"alignnone size-full wp-image-53945\" src=\"https:\/\/vocesparalelas.com.ar\/sitio\/wp-content\/uploads\/2022\/10\/UNSJ-LOGO-50-FINAL.jpg\" alt=\"\" width=\"800\" height=\"476\" srcset=\"https:\/\/vocesparalelas.com.ar\/sitio\/wp-content\/uploads\/2022\/10\/UNSJ-LOGO-50-FINAL.jpg 800w, https:\/\/vocesparalelas.com.ar\/sitio\/wp-content\/uploads\/2022\/10\/UNSJ-LOGO-50-FINAL-300x179.jpg 300w, https:\/\/vocesparalelas.com.ar\/sitio\/wp-content\/uploads\/2022\/10\/UNSJ-LOGO-50-FINAL-768x457.jpg 768w\" sizes=\"auto, (max-width: 800px) 100vw, 800px\" \/> <img loading=\"lazy\" decoding=\"async\" class=\"alignnone size-full wp-image-54035\" src=\"https:\/\/vocesparalelas.com.ar\/sitio\/wp-content\/uploads\/2022\/11\/UNSJ-LOGO-10.jpg\" alt=\"\" width=\"800\" height=\"533\" srcset=\"https:\/\/vocesparalelas.com.ar\/sitio\/wp-content\/uploads\/2022\/11\/UNSJ-LOGO-10.jpg 800w, https:\/\/vocesparalelas.com.ar\/sitio\/wp-content\/uploads\/2022\/11\/UNSJ-LOGO-10-300x200.jpg 300w, https:\/\/vocesparalelas.com.ar\/sitio\/wp-content\/uploads\/2022\/11\/UNSJ-LOGO-10-768x512.jpg 768w\" sizes=\"auto, (max-width: 800px) 100vw, 800px\" \/><\/p>\n","protected":false},"excerpt":{"rendered":"<p>Con el prop\u00f3sito de que los estudiantes primarios y sus familias tengan mayor conocimiento sobre la accesibilidad a la formaci\u00f3n<\/p>\n","protected":false},"author":3,"featured_media":72141,"comment_status":"closed","ping_status":"closed","sticky":false,"template":"","format":"standard","meta":{"_acf_changed":false,"_seopress_robots_primary_cat":"none","_seopress_titles_title":"","_seopress_titles_desc":"","_seopress_robots_index":"","colormag_page_container_layout":"default_layout","colormag_page_sidebar_layout":"default_layout","footnotes":""},"categories":[1],"tags":[],"class_list":["post-72138","post","type-post","status-publish","format-standard","has-post-thumbnail","hentry","category-destacadas"],"acf":[],"_links":{"self":[{"href":"https:\/\/vocesparalelas.com.ar\/sitio\/wp-json\/wp\/v2\/posts\/72138","targetHints":{"allow":["GET"]}}],"collection":[{"href":"https:\/\/vocesparalelas.com.ar\/sitio\/wp-json\/wp\/v2\/posts"}],"about":[{"href":"https:\/\/vocesparalelas.com.ar\/sitio\/wp-json\/wp\/v2\/types\/post"}],"author":[{"embeddable":true,"href":"https:\/\/vocesparalelas.com.ar\/sitio\/wp-json\/wp\/v2\/users\/3"}],"replies":[{"embeddable":true,"href":"https:\/\/vocesparalelas.com.ar\/sitio\/wp-json\/wp\/v2\/comments?post=72138"}],"version-history":[{"count":1,"href":"https:\/\/vocesparalelas.com.ar\/sitio\/wp-json\/wp\/v2\/posts\/72138\/revisions"}],"predecessor-version":[{"id":72142,"href":"https:\/\/vocesparalelas.com.ar\/sitio\/wp-json\/wp\/v2\/posts\/72138\/revisions\/72142"}],"wp:featuredmedia":[{"embeddable":true,"href":"https:\/\/vocesparalelas.com.ar\/sitio\/wp-json\/wp\/v2\/media\/72141"}],"wp:attachment":[{"href":"https:\/\/vocesparalelas.com.ar\/sitio\/wp-json\/wp\/v2\/media?parent=72138"}],"wp:term":[{"taxonomy":"category","embeddable":true,"href":"https:\/\/vocesparalelas.com.ar\/sitio\/wp-json\/wp\/v2\/categories?post=72138"},{"taxonomy":"post_tag","embeddable":true,"href":"https:\/\/vocesparalelas.com.ar\/sitio\/wp-json\/wp\/v2\/tags?post=72138"}],"curies":[{"name":"wp","href":"https:\/\/api.w.org\/{rel}","templated":true}]}}