{"id":72079,"date":"2024-05-06T19:31:01","date_gmt":"2024-05-06T22:31:01","guid":{"rendered":"https:\/\/vocesparalelas.com.ar\/sitio\/?p=72079"},"modified":"2024-05-08T00:06:06","modified_gmt":"2024-05-08T03:06:06","slug":"ingreso-a-la-docencia-e-interinatos-y-suplencias-2025-de-la-junta-rama-primaria-de-san-juan","status":"publish","type":"post","link":"https:\/\/vocesparalelas.com.ar\/sitio\/ingreso-a-la-docencia-e-interinatos-y-suplencias-2025-de-la-junta-rama-primaria-de-san-juan\/","title":{"rendered":"Ingreso a la docencia e Interinatos y Suplencias 2025 de la Junta Rama Primaria de San Juan"},"content":{"rendered":"<p>La Junta de Clasificaci\u00f3n Docente Rama Primaria del Ministerio de Educaci\u00f3n del Gobierno de San Juan informa a los docentes, que desde el 6 al 31 de Mayo se pueden obtener turnos online ingresando a la p\u00e1gina del Ministerio de Educaci\u00f3n<\/p>\n<p><a href=\"http:\/\/http\/\/educaci\u00f3n.sanjuan.gob.ar\">http:\/\/http\/\/educaci\u00f3n.sanjuan.gob.ar<\/a><\/p>\n<p>La inscripci\u00f3n a Ingreso a la docencia e Interinatos Suplencias 2025, en todas las especialidades de los distintos escalafones de los establecimientos educativos dependientes de la Direcci\u00f3n de Educaci\u00f3n: Inicial, Primaria, Especial y Primaria de Adultos de Escuelas Nocturnas y U.E.P.A. Como as\u00ed tambi\u00e9n cargos vacantes de bibliotecario de la Biblioteca del Magisterio y cargos vacantes de maestro de Grado \u2013 Tutor de Ciclo B\u00e1sico Rural Aislada; de acuerdo al siguiente cronograma:<\/p>\n<ul>\n<li>Solicitud de turnos online: 6 al 31 de Mayo de 2024.<\/li>\n<li>Inscripci\u00f3n-Valoraci\u00f3n-Notificaci\u00f3n (presencial): a partir del 3 de junio y hasta el 29 de noviembre de 2024.<\/li>\n<li>Apelaci\u00f3n: comenzar\u00e1 a partir del d\u00eda siguiente de la fecha de notificaci\u00f3n del puntaje obtenido en la valoraci\u00f3n, y por un plazo de 10 (diez) d\u00edas h\u00e1biles.<\/li>\n<\/ul>\n<p>Los aspirantes deber\u00e1n estar exentos de los alcances del r\u00e9gimen de jubilaci\u00f3n vigente y encuadrarse dentro del l\u00edmite de edad permitido.<\/p>\n<p>La documentaci\u00f3n completa debe ser presentada al momento de la inscripci\u00f3n en un bibliorato oficio lomo 4.<\/p>\n<p>a- Constancia de solicitud de turno online.<\/p>\n<p>b- Formulario de inscripci\u00f3n -emitido al momento de la solicitud de turno.<\/p>\n<p>c- D.N.I., fotocopia legalizada de D.N.I. o en su defecto certificaci\u00f3n de D.N.I. en tr\u00e1mite.<\/p>\n<p>d- Declaraci\u00f3n Jurada de Cargos completa y firmada por el docente, salvo el caso de docentes que se desempe\u00f1en en educaci\u00f3n privada, y\/o en la administraci\u00f3n p\u00fablica, las cuales deber\u00e1n ser certificadas por la autoridad competente.<\/p>\n<p>e- T\u00edtulo legalizado y registrado, si lo obtuviese; en su defecto podr\u00e1n presentar copias confrontadas de los t\u00edtulos por la Oficina de Registro de T\u00edtulos o Certificado de constancia de t\u00edtulo en tr\u00e1mite, o documentaci\u00f3n que hasta la total implementaci\u00f3n de la Resoluci\u00f3n del CFE N\u00b0 440\/2023, en la jurisdicci\u00f3n, la Autoridad estime pertinente; fotocopias de los certificados legalizadas por la Oficina precitada y fotocopias de constancias de actuaci\u00f3n profesional legalizadas por la autoridad superior, hasta el 31 de mayo de 2024.<\/p>\n<p>Los postulantes deben acudir en la fecha y horario consignado en el comprobante del turno online, a la sede de la Junta, ubicada en calle Tucum\u00e1n 75 &#8211; N &#8211; Capital.<\/p>\n<p><strong><span style=\"color: #ff6600;\">Para consultas o mayor informaci\u00f3n<\/span><\/strong><\/p>\n<p>Comunicarse de 8 a 13 al 4302206, o acudir a calle Tucum\u00e1n 75 &#8211; N &#8211;\u00a0 Capital.<\/p>\n<p><img loading=\"lazy\" decoding=\"async\" class=\"alignnone size-full wp-image-28629\" src=\"https:\/\/vocesparalelas.com.ar\/sitio\/wp-content\/uploads\/2020\/05\/MINISTERIO-EDUCACION-SJ.jpg\" alt=\"\" width=\"800\" height=\"533\" srcset=\"https:\/\/vocesparalelas.com.ar\/sitio\/wp-content\/uploads\/2020\/05\/MINISTERIO-EDUCACION-SJ.jpg 800w, https:\/\/vocesparalelas.com.ar\/sitio\/wp-content\/uploads\/2020\/05\/MINISTERIO-EDUCACION-SJ-300x200.jpg 300w, https:\/\/vocesparalelas.com.ar\/sitio\/wp-content\/uploads\/2020\/05\/MINISTERIO-EDUCACION-SJ-768x512.jpg 768w\" sizes=\"auto, (max-width: 800px) 100vw, 800px\" \/><\/p>\n<p>&nbsp;<\/p>\n<p>&nbsp;<\/p>\n","protected":false},"excerpt":{"rendered":"<p>La Junta de Clasificaci\u00f3n Docente Rama Primaria del Ministerio de Educaci\u00f3n del Gobierno de San Juan informa a los docentes,<\/p>\n","protected":false},"author":3,"featured_media":5000,"comment_status":"closed","ping_status":"closed","sticky":false,"template":"","format":"standard","meta":{"_acf_changed":false,"_seopress_robots_primary_cat":"none","_seopress_titles_title":"","_seopress_titles_desc":"","_seopress_robots_index":"","colormag_page_container_layout":"default_layout","colormag_page_sidebar_layout":"default_layout","footnotes":""},"categories":[5],"tags":[],"class_list":["post-72079","post","type-post","status-publish","format-standard","has-post-thumbnail","hentry","category-ofrecimientos"],"acf":[],"_links":{"self":[{"href":"https:\/\/vocesparalelas.com.ar\/sitio\/wp-json\/wp\/v2\/posts\/72079","targetHints":{"allow":["GET"]}}],"collection":[{"href":"https:\/\/vocesparalelas.com.ar\/sitio\/wp-json\/wp\/v2\/posts"}],"about":[{"href":"https:\/\/vocesparalelas.com.ar\/sitio\/wp-json\/wp\/v2\/types\/post"}],"author":[{"embeddable":true,"href":"https:\/\/vocesparalelas.com.ar\/sitio\/wp-json\/wp\/v2\/users\/3"}],"replies":[{"embeddable":true,"href":"https:\/\/vocesparalelas.com.ar\/sitio\/wp-json\/wp\/v2\/comments?post=72079"}],"version-history":[{"count":1,"href":"https:\/\/vocesparalelas.com.ar\/sitio\/wp-json\/wp\/v2\/posts\/72079\/revisions"}],"predecessor-version":[{"id":72082,"href":"https:\/\/vocesparalelas.com.ar\/sitio\/wp-json\/wp\/v2\/posts\/72079\/revisions\/72082"}],"wp:featuredmedia":[{"embeddable":true,"href":"https:\/\/vocesparalelas.com.ar\/sitio\/wp-json\/wp\/v2\/media\/5000"}],"wp:attachment":[{"href":"https:\/\/vocesparalelas.com.ar\/sitio\/wp-json\/wp\/v2\/media?parent=72079"}],"wp:term":[{"taxonomy":"category","embeddable":true,"href":"https:\/\/vocesparalelas.com.ar\/sitio\/wp-json\/wp\/v2\/categories?post=72079"},{"taxonomy":"post_tag","embeddable":true,"href":"https:\/\/vocesparalelas.com.ar\/sitio\/wp-json\/wp\/v2\/tags?post=72079"}],"curies":[{"name":"wp","href":"https:\/\/api.w.org\/{rel}","templated":true}]}}