{"id":72073,"date":"2024-05-06T19:26:18","date_gmt":"2024-05-06T22:26:18","guid":{"rendered":"https:\/\/vocesparalelas.com.ar\/sitio\/?p=72073"},"modified":"2024-05-06T19:26:18","modified_gmt":"2024-05-06T22:26:18","slug":"se-entrego-73-viviendas-en-el-departamento-jachal-para-la-felicidad-de-las-familias-en-san-juan","status":"publish","type":"post","link":"https:\/\/vocesparalelas.com.ar\/sitio\/se-entrego-73-viviendas-en-el-departamento-jachal-para-la-felicidad-de-las-familias-en-san-juan\/","title":{"rendered":"Se entreg\u00f3 73 viviendas en el Departamento J\u00e1chal para la felicidad de las familias en San Juan"},"content":{"rendered":"<p>El Lunes, 06 de Mayo, el gobernador de San Juan, Dr. Marcelo Orrego entreg\u00f3 las llaves de 73 viviendas del IPV \u00abBarrio Virgen de F\u00e1tima\u00bb, en el Departamento J\u00e1chal , a familias felices de tener la casa propia.<\/p>\n<p>Es importante recordar que, es el primer barrio del IPV que se construye en esta gesti\u00f3n pensando en la gente y en la familia. Cuatro de las viviendas est\u00e1n adaptadas para personas con discapacidad.<\/p>\n<p>El Barrio Virgen de F\u00e1tima se encuentra en Avenida Presidente Per\u00f3n y Florida, donde el Gobernador, Dr. Marcelo Orrego puntualiz\u00f3 que \u00ab\u00bbes un d\u00eda emocionante, un d\u00eda donde tenemos la oportunidad de llevarles tranquilidad a muchas familias, en este caso a setenta y tres familias, al lograr que tengan su propio hogar. Es una estructura que ustedes van a llenar con amor, compartiendo tiempo con sus familias\u201d.<\/p>\n<p>\u00abGobernar implica resolver los problemas que la gente no puede solucionar por s\u00ed misma. Por eso, siempre debemos trabajar juntos. Significa que muchas familias pueden hacer realidad su sue\u00f1o de tener su propio hogar. Es un logro invaluable, tener un lugar propio. Este sistema es solidario; el gobierno hace un gran esfuerzo, pero tambi\u00e9n cada beneficiario, al pagar su cuota, contribuye a hacer realidad el sue\u00f1o de otras familias\u201d.<\/p>\n<p>}\u201cLa obra p\u00fablica en San Juan es crucial, no solo por la construcci\u00f3n de viviendas, sino tambi\u00e9n por otros aspectos como la atenci\u00f3n m\u00e9dica, la educaci\u00f3n y la infraestructura vial. Conozco bien este querido departamento y s\u00e9 que tiene todo lo necesario para crecer, especialmente un gran capital humano. Por eso, trabajaremos juntos para mejorar a\u00fan m\u00e1s\u201d.<\/p>\n<p>Por su lado, la directora del IPV, Arq. Elina Peralta remarc\u00f3 que \u201ceste es un momento de mucha alegr\u00eda. Despu\u00e9s de cuatro a\u00f1os hoy se puede cumplir el sue\u00f1o, gracias al gobernador que reactiv\u00f3 las obras de este barrio y de otros barrios m\u00e1s en toda la provincia. Vamos a poder llevar el sue\u00f1o a todas las familias de San Juan. Pedirles que cuiden su vivienda porque es un logro que lo hacemos entre todos, es un acto muy solidario\u201d.<\/p>\n<p>Acompa\u00f1aron al gobernador Orrego, el intendente de J\u00e1chal, Dr. Mat\u00edas Espejo; ministro de Infraestructura, Agua y Energ\u00eda, Arq. Fernando Perea, de Producci\u00f3n, Dr. Gustavo Fern\u00e1ndez; directora del IPV, Arq. Elina Peralta; diputada Nacional, Dra. Nancy Pic\u00f3n; diputados provinciales, departamentales, concejales, y dem\u00e1s funcionarios provinciales.<\/p>\n<p><strong><span style=\"color: #008000;\">Las viviendas<\/span><\/strong><\/p>\n<p>Las viviendas est\u00e1n dise\u00f1adas de manera pr\u00e1ctica y funcional, constando de dos dormitorios, un ba\u00f1o, una cocina-comedor y un lavadero exterior con mesada. Lo interesante de este proyecto es que permite transformar estas viviendas en viviendas evolutivas a bajo costo, brindando la posibilidad de expansi\u00f3n y crecimiento seg\u00fan las necesidades de los residentes.<\/p>\n<p>En cuanto a los niveles de terminaci\u00f3n, las viviendas cuentan con una estructura sismo resistente, mamposter\u00eda de ladrill\u00f3n macizo y una losa de hormig\u00f3n armado con cielorraso de yeso. Los revoques, tanto interiores como exteriores, est\u00e1n finamente terminados y pintados, mientras que la cubierta del techo cuenta con aislaci\u00f3n t\u00e9rmica y una membrana asf\u00e1ltica de 4 mm de espesor para una mejor protecci\u00f3n.<\/p>\n<p>La instalaci\u00f3n sanitaria incluye una c\u00e1mara de inspecci\u00f3n, y el ba\u00f1o est\u00e1 equipado con inodoro, bidet, lavatorio, accesorios y una claraboya para ventilaci\u00f3n adecuada. La cocina cuenta con una mesada de granito natural de 2 cm de espesor, una bacha y una pileta de lavadero de acero inoxidable. Adem\u00e1s, se provee un artefacto de cocina el\u00e9ctrica de cuatro hornallas y horno, as\u00ed como un termotanque solar.<\/p>\n<p>Los revestimientos cer\u00e1micos se encuentran en el ba\u00f1o, el lavadero y la cocina. Las ventanas tienen carpinter\u00eda de aluminio, mientras que las puertas cuentan con marcos met\u00e1licos pintados con anti\u00f3xido y esmalte sint\u00e9tico. La carpinter\u00eda de madera tambi\u00e9n est\u00e1 pintada con esmalte sint\u00e9tico, y todas las ventanas cuentan con mosquiteros.<\/p>\n<p>La instalaci\u00f3n el\u00e9ctrica est\u00e1 completa, y se incluye un tanque de reserva tricapa de 850 litros. En el exterior, hay un vered\u00edn perimetral, una vereda de acceso individual y una vereda municipal. Adem\u00e1s, se han instalado p\u00e9rgolas met\u00e1licas en el acceso y en la fachada posterior, as\u00ed como postes de marcado de lotes de hormig\u00f3n.<\/p>\n<p>En el caso de las viviendas para personas con discapacidad, el ba\u00f1o cuenta con artefactos, instalaciones y dimensiones especiales adaptadas, y el vered\u00edn perimetral tiene un ancho de 1,00 metro para facilitar la accesibilidad.<\/p>\n<p><img loading=\"lazy\" decoding=\"async\" class=\"alignnone size-full wp-image-72077\" src=\"https:\/\/vocesparalelas.com.ar\/sitio\/wp-content\/uploads\/2024\/05\/JACHAL-VIVIENDA-02.jpg\" alt=\"\" width=\"800\" height=\"521\" srcset=\"https:\/\/vocesparalelas.com.ar\/sitio\/wp-content\/uploads\/2024\/05\/JACHAL-VIVIENDA-02.jpg 800w, https:\/\/vocesparalelas.com.ar\/sitio\/wp-content\/uploads\/2024\/05\/JACHAL-VIVIENDA-02-300x195.jpg 300w, https:\/\/vocesparalelas.com.ar\/sitio\/wp-content\/uploads\/2024\/05\/JACHAL-VIVIENDA-02-768x500.jpg 768w\" sizes=\"auto, (max-width: 800px) 100vw, 800px\" \/><\/p>\n<p>&nbsp;<\/p>\n","protected":false},"excerpt":{"rendered":"<p>El Lunes, 06 de Mayo, el gobernador de San Juan, Dr. Marcelo Orrego entreg\u00f3 las llaves de 73 viviendas del<\/p>\n","protected":false},"author":3,"featured_media":72076,"comment_status":"closed","ping_status":"closed","sticky":false,"template":"","format":"standard","meta":{"_acf_changed":false,"_seopress_robots_primary_cat":"none","_seopress_titles_title":"","_seopress_titles_desc":"","_seopress_robots_index":"","colormag_page_container_layout":"default_layout","colormag_page_sidebar_layout":"default_layout","footnotes":""},"categories":[1],"tags":[],"class_list":["post-72073","post","type-post","status-publish","format-standard","has-post-thumbnail","hentry","category-destacadas"],"acf":[],"_links":{"self":[{"href":"https:\/\/vocesparalelas.com.ar\/sitio\/wp-json\/wp\/v2\/posts\/72073","targetHints":{"allow":["GET"]}}],"collection":[{"href":"https:\/\/vocesparalelas.com.ar\/sitio\/wp-json\/wp\/v2\/posts"}],"about":[{"href":"https:\/\/vocesparalelas.com.ar\/sitio\/wp-json\/wp\/v2\/types\/post"}],"author":[{"embeddable":true,"href":"https:\/\/vocesparalelas.com.ar\/sitio\/wp-json\/wp\/v2\/users\/3"}],"replies":[{"embeddable":true,"href":"https:\/\/vocesparalelas.com.ar\/sitio\/wp-json\/wp\/v2\/comments?post=72073"}],"version-history":[{"count":1,"href":"https:\/\/vocesparalelas.com.ar\/sitio\/wp-json\/wp\/v2\/posts\/72073\/revisions"}],"predecessor-version":[{"id":72078,"href":"https:\/\/vocesparalelas.com.ar\/sitio\/wp-json\/wp\/v2\/posts\/72073\/revisions\/72078"}],"wp:featuredmedia":[{"embeddable":true,"href":"https:\/\/vocesparalelas.com.ar\/sitio\/wp-json\/wp\/v2\/media\/72076"}],"wp:attachment":[{"href":"https:\/\/vocesparalelas.com.ar\/sitio\/wp-json\/wp\/v2\/media?parent=72073"}],"wp:term":[{"taxonomy":"category","embeddable":true,"href":"https:\/\/vocesparalelas.com.ar\/sitio\/wp-json\/wp\/v2\/categories?post=72073"},{"taxonomy":"post_tag","embeddable":true,"href":"https:\/\/vocesparalelas.com.ar\/sitio\/wp-json\/wp\/v2\/tags?post=72073"}],"curies":[{"name":"wp","href":"https:\/\/api.w.org\/{rel}","templated":true}]}}