{"id":72067,"date":"2024-05-05T22:15:15","date_gmt":"2024-05-06T01:15:15","guid":{"rendered":"https:\/\/vocesparalelas.com.ar\/sitio\/?p=72067"},"modified":"2024-05-07T01:14:11","modified_gmt":"2024-05-07T04:14:11","slug":"inscripciones-becas-para-el-desempeno-academico-de-la-unsj","status":"publish","type":"post","link":"https:\/\/vocesparalelas.com.ar\/sitio\/inscripciones-becas-para-el-desempeno-academico-de-la-unsj\/","title":{"rendered":"Inscripciones \u00abBecas para el Desempe\u00f1o Acad\u00e9mico de la UNSJ\u00bb"},"content":{"rendered":"<p>La Secretar\u00eda de Bienestar Universitario de la Universidad Nacional de San Juan informa que entre el 6 al 16 de Mayo est\u00e1n abiertas las inscripciones a las Becas para el Desempe\u00f1o Acad\u00e9mico destinadas a ingresantes 2024.<\/p>\n<p>Estas becas est\u00e1n dise\u00f1adas para reconocer y apoyar el esfuerzo y el compromiso de los estudiantes con su formaci\u00f3n acad\u00e9mica en la Universidad Nacional de San Juan.<\/p>\n<p>Las personas interesadas deben registrar su inscripci\u00f3n de manera presencial en la Direcci\u00f3n de Servicio Social, localizada en la Facultad de Ingenier\u00eda, Avenida Libertador y Urquiza.<\/p>\n<p><span style=\"color: #ff6600;\"><strong>Cronograma<\/strong><\/span><\/p>\n<ul>\n<li>06 de Mayo \u2013 Facultad de Ingenier\u00eda- de 8.30 a 13.<\/li>\n<li>07 de Mayo \u2013 Facultad de Ciencias Sociales de 10 a 12 y de 14 a 17.<\/li>\n<li>08 de Mayo \u2013 Facultad de Ciencias Sociales de 8.30 a 13.<\/li>\n<li>09 de Mayo \u2013 Facultad de Ciencias Exactas, F\u00edsicas y Naturales de 8.30 a 13.<\/li>\n<li>10 de Mayo \u2013 Escuela Universitaria de Ciencias de la Salud de 8.30 a 13.<\/li>\n<li>13 de Mayo \u2013 Facultad de Filosof\u00eda, Humanidades y Artes de 8.30 a 13.<\/li>\n<li>14 de Mayo \u2013 Facultad de Filosof\u00eda, Humanidades y Artes de 10 a 12 y de 14 a 17.<\/li>\n<li>15 de Mayo \u2013 Facultad de Arquitectura, Urbanismo y Dise\u00f1o de 8.30 a 13.<\/li>\n<li>16 de Mayo \u2013 Institutos Preuniversitarias de 8.30 a 16.<\/li>\n<\/ul>\n<p><strong><span style=\"color: #ff6600;\">Documentaci\u00f3n a presentar<\/span><\/strong><\/p>\n<p><span style=\"color: #ff6600;\"><strong>Sobre Datos personales:<\/strong><\/span><\/p>\n<ul>\n<li>Fotocopia DNI, anverso y reverso, constancia CUIL, constancia alquiler.<\/li>\n<\/ul>\n<p><span style=\"color: #ff6600;\"><strong>Sobre estado acad\u00e9mico<\/strong><\/span><\/p>\n<ul>\n<li>Estudiantes Ingresantes Preuniversitarios deben presentar certificado con promedio general del nivel primario; y certificado del Alumno expedido por el Instituto al que asiste.<\/li>\n<li>Estudiantes Ingresantes Universitarios deben presentar certificado anal\u00edtico y\/o Certificado con promedio general del ciclo secundario; y certificado de alumno con estado universitario expedido por Departamento de Alumnos o SIU Guaran\u00ed.<\/li>\n<\/ul>\n<p><span style=\"color: #ff6600;\"><strong>Sobre situaci\u00f3n laboral<\/strong><\/span><\/p>\n<ul>\n<li>En el caso que se encuentren trabajando, deben presentar comprobantes de ingresos mensual o quincenal.<\/li>\n<li>Declaraci\u00f3n jurada para trabajadores independientes y subocupados, en el caso de ser Aut\u00f3nomos, Monotributistas o Responsables Inscriptos, deben adjuntar historial de facturas emitidas durante los meses de marzo y abril).<\/li>\n<\/ul>\n<p><span style=\"color: #ff6600;\"><b>Sobre situaci\u00f3n socioecon\u00f3mica del grupo familiar<\/b><\/span><\/p>\n<ul>\n<li>Trabajadores en relaci\u00f3n de dependencia: \u00faltimo comprobante de ingreso (recibo de sueldo mensual o quincenal \u2013 presentar ambas quincenas del mismo mes). Per\u00edodo marzo\/abril del corriente a\u00f1o.<\/li>\n<li>Trabajadores\/as informales o subocupados: completar modelos de Declaraci\u00f3n Jurada para quienes no tienen recibo de sueldo ni facturan en AFIP (descargar el modelo, del sitio <a href=\"https:\/\/linktr.ee\/bienestar_unsj\">https:\/\/linktr.ee\/bienestar_unsj<\/a>).<\/li>\n<li>Trabajadores independientes: historial de facturas emitidas (durante marzo-abril) en el caso de ser Aut\u00f3nomos, Monotributistas o Responsables Inscriptos\/as.<\/li>\n<li>Jubilados y\/o pensionados \u2013 Programas sociales\/subsidio por desempleo: recibo de jubilaci\u00f3n y\/o de pensi\u00f3n, seg\u00fan corresponda (tener en cuenta que, si cobran por cajero autom\u00e1tico pueden gestionar el comprobante de lo que perciben por ese medio). Per\u00edodo marzo -abril del corriente a\u00f1o.<\/li>\n<li>Desocupados: Certificaci\u00f3n negativa de ANSES de quienes integran el grupo familiar y se encuentran desocupados\/as (mayores de 18 a\u00f1os). Se puede obtenerla en el siguiente enlace: <a href=\"https:\/\/servicioswww.anses.gob.ar\/censite\/index.aspx\">https:\/\/servicioswww.anses.gob.ar\/censite\/index.aspx<\/a><\/li>\n<\/ul>\n<p><span style=\"color: #ff6600;\"><b>Otras Certificaciones<\/b><\/span><\/p>\n<ul>\n<li>Certificaci\u00f3n negativa de todos\/as los\/as integrantes del grupo familiar conviviente (mayores y menores de edad).<\/li>\n<li>Certificado de Salud: en caso de ser necesario, certificado m\u00e9dico que constate tratamiento de salud de cualquier \u00edndole, tanto del\/a estudiante como de su grupo familiar conviviente<\/li>\n<\/ul>\n<p><span style=\"color: #ff6600;\"><b>Importante a tener en cuenta<\/b><\/span><\/p>\n<ul>\n<li>La documentaci\u00f3n requerida debe ser presentada en papel (fotocopia o impreso), legibles y actualizados.<\/li>\n<li>Los\/las estudiantes que por razones justificadas fehacientemente no puedan asistir personalmente, un familiar podr\u00e1 presentarse en su nombre con toda la documentaci\u00f3n. Caso contrario, deber\u00e1 comunicarse a los contactos oficiales de la Direcci\u00f3n de Servicio Social, dentro del plazo de la convocatoria, sin excepci\u00f3n.<\/li>\n<\/ul>\n<p>Ante cualquier dudas y preguntas ponerse con contacto con la Direcci\u00f3n de Servicio Social al siguiente mail:\u00a0<a href=\"mailto:direcciondeserviciosocialunsj@gmail.com\">direcciondeserviciosocialunsj@gmail.com<\/a>.<\/p>\n<p>Tel fijo: 4211700 Int 406<\/p>\n<p>Celular: 2646258023<\/p>\n<p>&nbsp;<\/p>\n<p><img loading=\"lazy\" decoding=\"async\" class=\"alignnone size-full wp-image-53945\" src=\"https:\/\/vocesparalelas.com.ar\/sitio\/wp-content\/uploads\/2022\/10\/UNSJ-LOGO-50-FINAL.jpg\" alt=\"\" width=\"800\" height=\"476\" srcset=\"https:\/\/vocesparalelas.com.ar\/sitio\/wp-content\/uploads\/2022\/10\/UNSJ-LOGO-50-FINAL.jpg 800w, https:\/\/vocesparalelas.com.ar\/sitio\/wp-content\/uploads\/2022\/10\/UNSJ-LOGO-50-FINAL-300x179.jpg 300w, https:\/\/vocesparalelas.com.ar\/sitio\/wp-content\/uploads\/2022\/10\/UNSJ-LOGO-50-FINAL-768x457.jpg 768w\" sizes=\"auto, (max-width: 800px) 100vw, 800px\" \/> <img loading=\"lazy\" decoding=\"async\" class=\"alignnone size-full wp-image-54035\" src=\"https:\/\/vocesparalelas.com.ar\/sitio\/wp-content\/uploads\/2022\/11\/UNSJ-LOGO-10.jpg\" alt=\"\" width=\"800\" height=\"533\" srcset=\"https:\/\/vocesparalelas.com.ar\/sitio\/wp-content\/uploads\/2022\/11\/UNSJ-LOGO-10.jpg 800w, https:\/\/vocesparalelas.com.ar\/sitio\/wp-content\/uploads\/2022\/11\/UNSJ-LOGO-10-300x200.jpg 300w, https:\/\/vocesparalelas.com.ar\/sitio\/wp-content\/uploads\/2022\/11\/UNSJ-LOGO-10-768x512.jpg 768w\" sizes=\"auto, (max-width: 800px) 100vw, 800px\" \/><\/p>\n","protected":false},"excerpt":{"rendered":"<p>La Secretar\u00eda de Bienestar Universitario de la Universidad Nacional de San Juan informa que entre el 6 al 16 de<\/p>\n","protected":false},"author":3,"featured_media":19821,"comment_status":"closed","ping_status":"closed","sticky":false,"template":"","format":"standard","meta":{"_acf_changed":false,"_seopress_robots_primary_cat":"none","_seopress_titles_title":"","_seopress_titles_desc":"","_seopress_robots_index":"","colormag_page_container_layout":"default_layout","colormag_page_sidebar_layout":"default_layout","footnotes":""},"categories":[2],"tags":[],"class_list":["post-72067","post","type-post","status-publish","format-standard","has-post-thumbnail","hentry","category-convocatorias"],"acf":[],"_links":{"self":[{"href":"https:\/\/vocesparalelas.com.ar\/sitio\/wp-json\/wp\/v2\/posts\/72067","targetHints":{"allow":["GET"]}}],"collection":[{"href":"https:\/\/vocesparalelas.com.ar\/sitio\/wp-json\/wp\/v2\/posts"}],"about":[{"href":"https:\/\/vocesparalelas.com.ar\/sitio\/wp-json\/wp\/v2\/types\/post"}],"author":[{"embeddable":true,"href":"https:\/\/vocesparalelas.com.ar\/sitio\/wp-json\/wp\/v2\/users\/3"}],"replies":[{"embeddable":true,"href":"https:\/\/vocesparalelas.com.ar\/sitio\/wp-json\/wp\/v2\/comments?post=72067"}],"version-history":[{"count":3,"href":"https:\/\/vocesparalelas.com.ar\/sitio\/wp-json\/wp\/v2\/posts\/72067\/revisions"}],"predecessor-version":[{"id":72072,"href":"https:\/\/vocesparalelas.com.ar\/sitio\/wp-json\/wp\/v2\/posts\/72067\/revisions\/72072"}],"wp:featuredmedia":[{"embeddable":true,"href":"https:\/\/vocesparalelas.com.ar\/sitio\/wp-json\/wp\/v2\/media\/19821"}],"wp:attachment":[{"href":"https:\/\/vocesparalelas.com.ar\/sitio\/wp-json\/wp\/v2\/media?parent=72067"}],"wp:term":[{"taxonomy":"category","embeddable":true,"href":"https:\/\/vocesparalelas.com.ar\/sitio\/wp-json\/wp\/v2\/categories?post=72067"},{"taxonomy":"post_tag","embeddable":true,"href":"https:\/\/vocesparalelas.com.ar\/sitio\/wp-json\/wp\/v2\/tags?post=72067"}],"curies":[{"name":"wp","href":"https:\/\/api.w.org\/{rel}","templated":true}]}}