{"id":72057,"date":"2024-05-05T12:09:19","date_gmt":"2024-05-05T15:09:19","guid":{"rendered":"https:\/\/vocesparalelas.com.ar\/sitio\/?p=72057"},"modified":"2024-05-07T00:27:03","modified_gmt":"2024-05-07T03:27:03","slug":"nos-gusta-recibir-visitas","status":"publish","type":"post","link":"https:\/\/vocesparalelas.com.ar\/sitio\/nos-gusta-recibir-visitas\/","title":{"rendered":"Nos gusta recibir visitas"},"content":{"rendered":"<p>Por el Arzobispo de San Juan de Cuyo, Monse\u00f1or Jorge Eduardo Lozano<\/p>\n<p>Ser visitados por los amigos nos alegra el coraz\u00f3n. Compartimos historias vividas en com\u00fan, situaciones que nos pueden estar afligiendo, logros personales y de la familia. Abrirnos con confianza nos hace mucho bien.<\/p>\n<p>Cuando alguien est\u00e1 enfermo la visita tienen un gran valor de consuelo, de paz. Y ni te digo si la visita es a un preso, donde hay que sortear una serie de barreras. Pienso tambi\u00e9n en tantas personas mayores que est\u00e1n en geri\u00e1tricos sin el contacto peri\u00f3dico de la familia.<\/p>\n<p>La vocaci\u00f3n misionera de la Iglesia es un llamado a ir al encuentro de otros para compartir la cercan\u00eda de Dios con su Pueblo. Habitualmente lo plasmamos en ir de dos en dos, casa por casa, para llevar el amor de Jes\u00fas.<\/p>\n<p>El Papa Francisco nos presenta un sencillo esquema a desarrollar en su Exhortaci\u00f3n Apost\u00f3lica Evangelii Gaudium n\u00famero 128. Lo primero es saludar con amabilidad, present\u00e1ndonos si no nos conocen, diciendo a qu\u00e9 Comunidad pertenecemos. Conversar acerca de los miembros de la familia, dando espacio a compartir \u201csus alegr\u00edas, sus esperanzas, las inquietudes por sus seres queridos y tantas cosas que llenan su coraz\u00f3n\u201d. No se trata de entregar un folleto como haciendo propaganda. Vamos sin apuro. Muchas personas \u2014y nos puede suceder a nosotros\u2014 est\u00e1n muy solas y tienen necesidad de contar lo que les pasa, ser escuchados con atenci\u00f3n.<\/p>\n<p>Despu\u00e9s de esta conversaci\u00f3n se les puede presentar la Palabra que ilumina, sea leyendo alg\u00fan p\u00e1rrafo o narrando un pasaje conocido, \u201cpero siempre recordando el anuncio fundamental: el amor personal de Dios que se hizo hombre, se\u00a0entreg\u00f3 por nosotros y est\u00e1 vivo ofreciendo su salvaci\u00f3n y su amistad\u201d.<\/p>\n<p>Ser\u00e1 importante tambi\u00e9n compartir el testimonio personal. La misi\u00f3n nos involucra; no se trata de decir un discurso de memoria, el mismo en cada familia y \u00e9poca del a\u00f1o. Buscamos llevar la alegr\u00eda y el consuelo de Dios. Por eso decimos con certeza que el principal protagonista de la misi\u00f3n es el Esp\u00edritu Santo. \u201cSi parece prudente y se dan las condiciones, es bueno que este encuentro fraterno y misionero termine con una breve oraci\u00f3n\u201d relacionada con lo que hayamos conversado. Tambi\u00e9n se pueden anotar intenciones para ofrecer en la misa de la Parroquia o la Capilla. Aunque parezca obvio, nunca recibir dinero; si la gente quiere colaborar que vaya personalmente a la Parroquia o Capilla.<\/p>\n<p>Este s\u00e1bado 4 y domingo 5 de mayo estamos realizando una misi\u00f3n en el Departamento de Albard\u00f3n; en Campo Afuera para ser m\u00e1s precisos. Desde distintas Parroquias y Movimientos acudimos para sumarnos en la alegr\u00eda de compartir la fe con los vecinos. Es una primera experiencia que hacemos en San Juan y en varias di\u00f3cesis del pa\u00eds.<\/p>\n<p>Cuando voy a las Comunidades a celebrar Fiestas Patronales o Confirmaciones la gente me suele decir \u201cvuelva pronto\u201d.<\/p>\n<p>El Evangelio que proclamamos este Domingo nos motiva a perseverar en este camino. Por un lado, Jes\u00fas nos muestra c\u00f3mo nos considera: \u201cUstedes son mis amigos\u201d. (Jn 15, 14) Y por eso nos da la medida de su amor: \u201cNo hay amor m\u00e1s grande que dar la vida por los amigos\u201d (Jn 15, 13).<\/p>\n<p>Es importante que aceptemos con todas las consecuencias la afirmaci\u00f3n de Jes\u00fas: \u201cNo son ustedes los que me eligieron a m\u00ed, sino yo el que los eleg\u00ed a ustedes, y los destin\u00e9 para que vayan y den fruto, y ese fruto sea duradero\u201d. (Jn 15, 16)<\/p>\n<p>Jes\u00fas nos elige y nos llama: \u201cpermanezcan en mi amor\u201d; y nos env\u00eda \u201cvayan y den fruto\u201d.<\/p>\n<p>La misi\u00f3n no es una carga que cumplir ni un requisito burocr\u00e1tico. No es la sopa que hay que tomar para poder comer lo que nos gusta. Lo expresa claramente Jes\u00fas: \u201cLes he dicho esto para que mi gozo sea el de ustedes, y ese gozo sea perfecto\u201d (Jn 15, 11).<\/p>\n<p>Respondamos con generosidad al llamado del Se\u00f1or de la Vida.<\/p>\n<p><iframe loading=\"lazy\" title=\"SAN JUAN MONSE\u00d1OR JORGE LOZANO\" width=\"800\" height=\"450\" src=\"https:\/\/www.youtube.com\/embed\/5yAqlqunyP8?feature=oembed\" frameborder=\"0\" allow=\"accelerometer; autoplay; clipboard-write; encrypted-media; gyroscope; picture-in-picture; web-share\" referrerpolicy=\"strict-origin-when-cross-origin\" allowfullscreen><\/iframe><\/p>\n<p><img loading=\"lazy\" decoding=\"async\" class=\"alignnone size-full wp-image-61416\" src=\"https:\/\/vocesparalelas.com.ar\/sitio\/wp-content\/uploads\/2023\/07\/ARZOBISPADO-EDIFICIO.jpg\" alt=\"\" width=\"800\" height=\"600\" srcset=\"https:\/\/vocesparalelas.com.ar\/sitio\/wp-content\/uploads\/2023\/07\/ARZOBISPADO-EDIFICIO.jpg 800w, https:\/\/vocesparalelas.com.ar\/sitio\/wp-content\/uploads\/2023\/07\/ARZOBISPADO-EDIFICIO-300x225.jpg 300w, https:\/\/vocesparalelas.com.ar\/sitio\/wp-content\/uploads\/2023\/07\/ARZOBISPADO-EDIFICIO-768x576.jpg 768w\" sizes=\"auto, (max-width: 800px) 100vw, 800px\" \/><\/p>\n","protected":false},"excerpt":{"rendered":"<p>Por el Arzobispo de San Juan de Cuyo, Monse\u00f1or Jorge Eduardo Lozano Ser visitados por los amigos nos alegra el<\/p>\n","protected":false},"author":3,"featured_media":20281,"comment_status":"closed","ping_status":"closed","sticky":false,"template":"","format":"standard","meta":{"_acf_changed":false,"_seopress_robots_primary_cat":"none","_seopress_titles_title":"","_seopress_titles_desc":"","_seopress_robots_index":"","colormag_page_container_layout":"default_layout","colormag_page_sidebar_layout":"default_layout","footnotes":""},"categories":[10,7],"tags":[],"class_list":["post-72057","post","type-post","status-publish","format-standard","has-post-thumbnail","hentry","category-opiniones","category-videos"],"acf":[],"_links":{"self":[{"href":"https:\/\/vocesparalelas.com.ar\/sitio\/wp-json\/wp\/v2\/posts\/72057","targetHints":{"allow":["GET"]}}],"collection":[{"href":"https:\/\/vocesparalelas.com.ar\/sitio\/wp-json\/wp\/v2\/posts"}],"about":[{"href":"https:\/\/vocesparalelas.com.ar\/sitio\/wp-json\/wp\/v2\/types\/post"}],"author":[{"embeddable":true,"href":"https:\/\/vocesparalelas.com.ar\/sitio\/wp-json\/wp\/v2\/users\/3"}],"replies":[{"embeddable":true,"href":"https:\/\/vocesparalelas.com.ar\/sitio\/wp-json\/wp\/v2\/comments?post=72057"}],"version-history":[{"count":2,"href":"https:\/\/vocesparalelas.com.ar\/sitio\/wp-json\/wp\/v2\/posts\/72057\/revisions"}],"predecessor-version":[{"id":72066,"href":"https:\/\/vocesparalelas.com.ar\/sitio\/wp-json\/wp\/v2\/posts\/72057\/revisions\/72066"}],"wp:featuredmedia":[{"embeddable":true,"href":"https:\/\/vocesparalelas.com.ar\/sitio\/wp-json\/wp\/v2\/media\/20281"}],"wp:attachment":[{"href":"https:\/\/vocesparalelas.com.ar\/sitio\/wp-json\/wp\/v2\/media?parent=72057"}],"wp:term":[{"taxonomy":"category","embeddable":true,"href":"https:\/\/vocesparalelas.com.ar\/sitio\/wp-json\/wp\/v2\/categories?post=72057"},{"taxonomy":"post_tag","embeddable":true,"href":"https:\/\/vocesparalelas.com.ar\/sitio\/wp-json\/wp\/v2\/tags?post=72057"}],"curies":[{"name":"wp","href":"https:\/\/api.w.org\/{rel}","templated":true}]}}