{"id":72040,"date":"2024-05-04T20:55:57","date_gmt":"2024-05-04T23:55:57","guid":{"rendered":"https:\/\/vocesparalelas.com.ar\/sitio\/?p=72040"},"modified":"2024-05-04T20:55:57","modified_gmt":"2024-05-04T23:55:57","slug":"la-camara-de-diputados-presente-en-la-casa-de-san-juan-en-buenos-aires","status":"publish","type":"post","link":"https:\/\/vocesparalelas.com.ar\/sitio\/la-camara-de-diputados-presente-en-la-casa-de-san-juan-en-buenos-aires\/","title":{"rendered":"La  C\u00e1mara de Diputados presente en la Casa de San Juan en Buenos Aires"},"content":{"rendered":"<p>En un importante encuentro en la Ciudad Aut\u00f3noma de Buenos Aires, el vicegobernador y presidente nato de la C\u00e1mara de Diputados de San Juan, Dr. Fabi\u00e1n Mart\u00edn, particip\u00f3 de la entrega de una obra literaria y de la herramienta l\u00fadico-did\u00e1ctica \u201cExpresate\u201d a diversas instituciones.<\/p>\n<p>La reuni\u00f3n cont\u00f3 con la presencia de las legisladoras nacionales Dra. Nancy Pic\u00f3n y Mar\u00eda de los \u00c1ngeles Moreno; el presidente de la Corte de Justicia de San Juan, Dr. Marcelo Lima; el ministro de Turismo y Cultura del Gobierno de San Juan, Dr. Guido Romero; el director de la Casa de San Juan en Buenos Aires, Eduardo Licciardi; entre otras autoridades provinciales y nacionales.<\/p>\n<p>En la ceremonia celebrada en la\u00a0Casa de San Juan, se llev\u00f3 a cabo la entrega del libro\u00a0\u00abRelatos y Testimonios de Veteranos de Guerra Sanjuaninos\u00bb. El compilador del libro, Fernando Rodriguez, estuvo presente para compartir la historia detr\u00e1s de la creaci\u00f3n de esta obra que recopila los valiosos relatos de los veteranos del CEAS (Centro de Excombatientes del Atl\u00e1ntico Sur).<\/p>\n<p>Su materializaci\u00f3n ha sido posible gracias al\u00a0Fondo Editorial de la C\u00e1mara de Diputados de San Juany surgi\u00f3 con el objetivo de rememorar los 40 a\u00f1os de Malvinas. Asimismo, se extendi\u00f3 la donaci\u00f3n del libro a la Casa de Tierra del Fuego.<\/p>\n<p>Por otra parte, se entregaron kits del proyecto l\u00fadico-educativo\u00a0<strong>\u201cExpresate\u201d<\/strong>\u00a0a las autoridades de las escuelas Provincia de San Juan de Lomas de Zamora, Primaria N\u00ba 77 de Lan\u00fas y Nicol\u00e1s Avellaneda de Capital Federal.<\/p>\n<p>Esta significativa jornada reafirma el compromiso de la C\u00e1mara de Diputados de San Juan con la memoria y el reconocimiento de los h\u00e9roes que lucharon por nuestra patria.<\/p>\n<p><img loading=\"lazy\" decoding=\"async\" class=\"alignnone size-full wp-image-72045\" src=\"https:\/\/vocesparalelas.com.ar\/sitio\/wp-content\/uploads\/2024\/05\/CDSJ-CASA-SAN-JUAN-01.jpg\" alt=\"\" width=\"800\" height=\"534\" srcset=\"https:\/\/vocesparalelas.com.ar\/sitio\/wp-content\/uploads\/2024\/05\/CDSJ-CASA-SAN-JUAN-01.jpg 800w, https:\/\/vocesparalelas.com.ar\/sitio\/wp-content\/uploads\/2024\/05\/CDSJ-CASA-SAN-JUAN-01-300x200.jpg 300w, https:\/\/vocesparalelas.com.ar\/sitio\/wp-content\/uploads\/2024\/05\/CDSJ-CASA-SAN-JUAN-01-768x513.jpg 768w\" sizes=\"auto, (max-width: 800px) 100vw, 800px\" \/><\/p>\n","protected":false},"excerpt":{"rendered":"<p>En un importante encuentro en la Ciudad Aut\u00f3noma de Buenos Aires, el vicegobernador y presidente nato de la C\u00e1mara de<\/p>\n","protected":false},"author":3,"featured_media":72043,"comment_status":"closed","ping_status":"closed","sticky":false,"template":"","format":"standard","meta":{"_acf_changed":false,"_seopress_robots_primary_cat":"none","_seopress_titles_title":"","_seopress_titles_desc":"","_seopress_robots_index":"","colormag_page_container_layout":"default_layout","colormag_page_sidebar_layout":"default_layout","footnotes":""},"categories":[1],"tags":[],"class_list":["post-72040","post","type-post","status-publish","format-standard","has-post-thumbnail","hentry","category-destacadas"],"acf":[],"_links":{"self":[{"href":"https:\/\/vocesparalelas.com.ar\/sitio\/wp-json\/wp\/v2\/posts\/72040","targetHints":{"allow":["GET"]}}],"collection":[{"href":"https:\/\/vocesparalelas.com.ar\/sitio\/wp-json\/wp\/v2\/posts"}],"about":[{"href":"https:\/\/vocesparalelas.com.ar\/sitio\/wp-json\/wp\/v2\/types\/post"}],"author":[{"embeddable":true,"href":"https:\/\/vocesparalelas.com.ar\/sitio\/wp-json\/wp\/v2\/users\/3"}],"replies":[{"embeddable":true,"href":"https:\/\/vocesparalelas.com.ar\/sitio\/wp-json\/wp\/v2\/comments?post=72040"}],"version-history":[{"count":1,"href":"https:\/\/vocesparalelas.com.ar\/sitio\/wp-json\/wp\/v2\/posts\/72040\/revisions"}],"predecessor-version":[{"id":72046,"href":"https:\/\/vocesparalelas.com.ar\/sitio\/wp-json\/wp\/v2\/posts\/72040\/revisions\/72046"}],"wp:featuredmedia":[{"embeddable":true,"href":"https:\/\/vocesparalelas.com.ar\/sitio\/wp-json\/wp\/v2\/media\/72043"}],"wp:attachment":[{"href":"https:\/\/vocesparalelas.com.ar\/sitio\/wp-json\/wp\/v2\/media?parent=72040"}],"wp:term":[{"taxonomy":"category","embeddable":true,"href":"https:\/\/vocesparalelas.com.ar\/sitio\/wp-json\/wp\/v2\/categories?post=72040"},{"taxonomy":"post_tag","embeddable":true,"href":"https:\/\/vocesparalelas.com.ar\/sitio\/wp-json\/wp\/v2\/tags?post=72040"}],"curies":[{"name":"wp","href":"https:\/\/api.w.org\/{rel}","templated":true}]}}