{"id":72034,"date":"2024-05-04T20:41:16","date_gmt":"2024-05-04T23:41:16","guid":{"rendered":"https:\/\/vocesparalelas.com.ar\/sitio\/?p=72034"},"modified":"2024-05-04T20:41:16","modified_gmt":"2024-05-04T23:41:16","slug":"firma-de-convenio-para-ejecutar-lazos-entre-entre-la-camara-de-diputados-de-san-juan-y-la-biblioteca-del-congreso-de-argentina","status":"publish","type":"post","link":"https:\/\/vocesparalelas.com.ar\/sitio\/firma-de-convenio-para-ejecutar-lazos-entre-entre-la-camara-de-diputados-de-san-juan-y-la-biblioteca-del-congreso-de-argentina\/","title":{"rendered":"Firma de Convenio para ejecutar lazos entre entre la C\u00e1mara de Diputados de San Juan y la Biblioteca del Congreso de Argentina"},"content":{"rendered":"<p>En una destacada visita institucional, el vicegobernador y presidente nato de la C\u00e1mara de Diputados de San Juan, Dr. Fabi\u00e1n Mart\u00edn, se reuni\u00f3 con el Director Coordinador General de la\u00a0<span tabindex=\"0\" role=\"tooltip\"><span class=\"c5aZPb\" tabindex=\"0\" role=\"button\" data-enable-toggle-animation=\"true\" data-extra-container-classes=\"ZLo7Eb\" data-hover-hide-delay=\"1000\" data-hover-open-delay=\"500\" data-send-open-event=\"true\" data-theme=\"0\" data-width=\"250\" data-ved=\"2ahUKEwjnoZfmjPWFAxX2pZUCHd_hDpMQmpgGegQIFxAD\"><span class=\"JPfdse\" data-bubble-link=\"\" data-segment-text=\"Biblioteca del Congreso de la Naci\u00f3n\">Biblioteca del Congreso de la Naci\u00f3n<\/span><\/span><\/span>, Alejandro Santa y firmaron un acuerdo para el trabajo conjunto entre las instituciones.<\/p>\n<p>El titular del Poder Legislativo de San Juan, estuvo acompa\u00f1ado por representantes del Ministerio de Turismo, Cultura y Deporte y por el Presidente de la Corte de Justicia, Dr. Marcelo Lima.<\/p>\n<p>Acerca del encuentro, el vicegobernador Dr. Fabi\u00e1n Mart\u00edn manifest\u00f3 que \u00abla importancia del di\u00e1logo sobre temas literarios y bibliotecas populares, resaltando las iniciativas impulsadas por la C\u00e1mara en el sector editorial, como el concurso anual \u201cSan Juan Escribe\u201d. Asimismo, \u00abExpresate\u00bb, que permite a los ni\u00f1os y aprender a trav\u00e9s de juegos creados por la instituci\u00f3n, promoviendo la educaci\u00f3n y la participaci\u00f3n activa de los m\u00e1s j\u00f3venes\u00bb.<\/p>\n<p>\u00abEn este contexto, se firm\u00f3 un convenio de colaboraci\u00f3n mutua entre la C\u00e1mara de Diputados de San Juan y la Biblioteca del Congreso Nacional, con el objetivo de fortalecer los lazos entre ambas instituciones y promover el acceso a la lectura y el conocimiento en la comunidad\u00bb &#8211; enfati\u00f3 el Dr. Mart\u00edn.<\/p>\n<p>Como parte de la reuni\u00f3n, el presidente de la Corte de Justicia, Dr. Marcelo Lima, present\u00f3 su libro \u00abSarmiento, sin perjuicios\u00bb destacando la relevancia de difundir la historia y la cultura de San Juan.<\/p>\n<p><img loading=\"lazy\" decoding=\"async\" class=\"alignnone size-full wp-image-72037\" src=\"https:\/\/vocesparalelas.com.ar\/sitio\/wp-content\/uploads\/2024\/05\/SARMIENTO-SIN-PERJUICIOS-LIBRO.jpg\" alt=\"\" width=\"800\" height=\"461\" srcset=\"https:\/\/vocesparalelas.com.ar\/sitio\/wp-content\/uploads\/2024\/05\/SARMIENTO-SIN-PERJUICIOS-LIBRO.jpg 800w, https:\/\/vocesparalelas.com.ar\/sitio\/wp-content\/uploads\/2024\/05\/SARMIENTO-SIN-PERJUICIOS-LIBRO-300x173.jpg 300w, https:\/\/vocesparalelas.com.ar\/sitio\/wp-content\/uploads\/2024\/05\/SARMIENTO-SIN-PERJUICIOS-LIBRO-768x443.jpg 768w\" sizes=\"auto, (max-width: 800px) 100vw, 800px\" \/><\/p>\n<p>Adem\u00e1s, se realiz\u00f3 la entrega de libros editados por el Fondo Editorial de la C\u00e1mara de Diputados de San Juan a la Biblioteca del Congreso, enriqueciendo as\u00ed su acervo cultural.<\/p>\n<p>Esta visita institucional refleja el compromiso de la C\u00e1mara de Diputados de San Juan con la promoci\u00f3n de la cultura, la educaci\u00f3n y el acceso a la informaci\u00f3n en la comunidad, estableciendo sinergias con instituciones de renombre como la Biblioteca del Congreso.<\/p>\n","protected":false},"excerpt":{"rendered":"<p>En una destacada visita institucional, el vicegobernador y presidente nato de la C\u00e1mara de Diputados de San Juan, Dr. Fabi\u00e1n<\/p>\n","protected":false},"author":3,"featured_media":72038,"comment_status":"closed","ping_status":"closed","sticky":false,"template":"","format":"standard","meta":{"_acf_changed":false,"_seopress_robots_primary_cat":"none","_seopress_titles_title":"","_seopress_titles_desc":"","_seopress_robots_index":"","colormag_page_container_layout":"default_layout","colormag_page_sidebar_layout":"default_layout","footnotes":""},"categories":[1],"tags":[],"class_list":["post-72034","post","type-post","status-publish","format-standard","has-post-thumbnail","hentry","category-destacadas"],"acf":[],"_links":{"self":[{"href":"https:\/\/vocesparalelas.com.ar\/sitio\/wp-json\/wp\/v2\/posts\/72034","targetHints":{"allow":["GET"]}}],"collection":[{"href":"https:\/\/vocesparalelas.com.ar\/sitio\/wp-json\/wp\/v2\/posts"}],"about":[{"href":"https:\/\/vocesparalelas.com.ar\/sitio\/wp-json\/wp\/v2\/types\/post"}],"author":[{"embeddable":true,"href":"https:\/\/vocesparalelas.com.ar\/sitio\/wp-json\/wp\/v2\/users\/3"}],"replies":[{"embeddable":true,"href":"https:\/\/vocesparalelas.com.ar\/sitio\/wp-json\/wp\/v2\/comments?post=72034"}],"version-history":[{"count":1,"href":"https:\/\/vocesparalelas.com.ar\/sitio\/wp-json\/wp\/v2\/posts\/72034\/revisions"}],"predecessor-version":[{"id":72039,"href":"https:\/\/vocesparalelas.com.ar\/sitio\/wp-json\/wp\/v2\/posts\/72034\/revisions\/72039"}],"wp:featuredmedia":[{"embeddable":true,"href":"https:\/\/vocesparalelas.com.ar\/sitio\/wp-json\/wp\/v2\/media\/72038"}],"wp:attachment":[{"href":"https:\/\/vocesparalelas.com.ar\/sitio\/wp-json\/wp\/v2\/media?parent=72034"}],"wp:term":[{"taxonomy":"category","embeddable":true,"href":"https:\/\/vocesparalelas.com.ar\/sitio\/wp-json\/wp\/v2\/categories?post=72034"},{"taxonomy":"post_tag","embeddable":true,"href":"https:\/\/vocesparalelas.com.ar\/sitio\/wp-json\/wp\/v2\/tags?post=72034"}],"curies":[{"name":"wp","href":"https:\/\/api.w.org\/{rel}","templated":true}]}}