{"id":72026,"date":"2024-05-04T19:39:16","date_gmt":"2024-05-04T22:39:16","guid":{"rendered":"https:\/\/vocesparalelas.com.ar\/sitio\/?p=72026"},"modified":"2024-05-04T19:44:34","modified_gmt":"2024-05-04T22:44:34","slug":"un-excelente-encuentro-para-fortalecer-a-san-juan","status":"publish","type":"post","link":"https:\/\/vocesparalelas.com.ar\/sitio\/un-excelente-encuentro-para-fortalecer-a-san-juan\/","title":{"rendered":"Un excelente encuentro para fortalecer a San Juan"},"content":{"rendered":"<p>El vicegobernador y presidente nato de la C\u00e1mara de Diputados de San Juan, Dr. Fabi\u00e1n Mart\u00edn, mantuvo un encuentro con el , en Buenos Aires.<\/p>\n<figure id=\"attachment_72029\" aria-describedby=\"caption-attachment-72029\" style=\"width: 800px\" class=\"wp-caption alignnone\"><img loading=\"lazy\" decoding=\"async\" class=\"size-full wp-image-72029\" src=\"https:\/\/vocesparalelas.com.ar\/sitio\/wp-content\/uploads\/2024\/05\/CDSJ-MARTIN-MENEM.jpg\" alt=\"\" width=\"800\" height=\"766\" srcset=\"https:\/\/vocesparalelas.com.ar\/sitio\/wp-content\/uploads\/2024\/05\/CDSJ-MARTIN-MENEM.jpg 800w, https:\/\/vocesparalelas.com.ar\/sitio\/wp-content\/uploads\/2024\/05\/CDSJ-MARTIN-MENEM-300x287.jpg 300w, https:\/\/vocesparalelas.com.ar\/sitio\/wp-content\/uploads\/2024\/05\/CDSJ-MARTIN-MENEM-768x735.jpg 768w\" sizes=\"auto, (max-width: 800px) 100vw, 800px\" \/><figcaption id=\"caption-attachment-72029\" class=\"wp-caption-text\">Vicegobernador de San Juan, Dr. Fabi\u00e1n Mart\u00edn junto al presidente de la C\u00e1mara de Diputados de la Naci\u00f3n Argentina, Dr. Mart\u00edn Menem<\/figcaption><\/figure>\n<p>De la actividad tambi\u00e9n participaron los legisladores nacionales por San Juan, Dra. Nancy Pic\u00f3n, y por Buenos Aires, Economista Jos\u00e9 Luis Espert; y el ministro de Turismo, Cultura y Deporte de San Juan, Dr. Guido Romero.<\/p>\n<p>Durante la breve reuni\u00f3n protocolar, las autoridades dialogaron sobre la realidad de la provincia y del pa\u00eds, y sobre las actividades que se llevan adelante en ambas instituciones.<\/p>\n<p><img loading=\"lazy\" decoding=\"async\" class=\"alignnone size-large wp-image-17292\" src=\"https:\/\/vocesparalelas.com.ar\/sitio\/wp-content\/uploads\/2018\/11\/CAMARA-NACION-800x450.jpg\" alt=\"\" width=\"800\" height=\"450\" srcset=\"https:\/\/vocesparalelas.com.ar\/sitio\/wp-content\/uploads\/2018\/11\/CAMARA-NACION-800x450.jpg 800w, https:\/\/vocesparalelas.com.ar\/sitio\/wp-content\/uploads\/2018\/11\/CAMARA-NACION-300x169.jpg 300w, https:\/\/vocesparalelas.com.ar\/sitio\/wp-content\/uploads\/2018\/11\/CAMARA-NACION-768x432.jpg 768w, https:\/\/vocesparalelas.com.ar\/sitio\/wp-content\/uploads\/2018\/11\/CAMARA-NACION.jpg 1000w\" sizes=\"auto, (max-width: 800px) 100vw, 800px\" \/><\/p>\n<p>&nbsp;<\/p>\n","protected":false},"excerpt":{"rendered":"<p>El vicegobernador y presidente nato de la C\u00e1mara de Diputados de San Juan, Dr. Fabi\u00e1n Mart\u00edn, mantuvo un encuentro con<\/p>\n","protected":false},"author":3,"featured_media":72031,"comment_status":"closed","ping_status":"closed","sticky":false,"template":"","format":"standard","meta":{"_acf_changed":false,"_seopress_robots_primary_cat":"none","_seopress_titles_title":"","_seopress_titles_desc":"","_seopress_robots_index":"","colormag_page_container_layout":"default_layout","colormag_page_sidebar_layout":"default_layout","footnotes":""},"categories":[1],"tags":[],"class_list":["post-72026","post","type-post","status-publish","format-standard","has-post-thumbnail","hentry","category-destacadas"],"acf":[],"_links":{"self":[{"href":"https:\/\/vocesparalelas.com.ar\/sitio\/wp-json\/wp\/v2\/posts\/72026","targetHints":{"allow":["GET"]}}],"collection":[{"href":"https:\/\/vocesparalelas.com.ar\/sitio\/wp-json\/wp\/v2\/posts"}],"about":[{"href":"https:\/\/vocesparalelas.com.ar\/sitio\/wp-json\/wp\/v2\/types\/post"}],"author":[{"embeddable":true,"href":"https:\/\/vocesparalelas.com.ar\/sitio\/wp-json\/wp\/v2\/users\/3"}],"replies":[{"embeddable":true,"href":"https:\/\/vocesparalelas.com.ar\/sitio\/wp-json\/wp\/v2\/comments?post=72026"}],"version-history":[{"count":3,"href":"https:\/\/vocesparalelas.com.ar\/sitio\/wp-json\/wp\/v2\/posts\/72026\/revisions"}],"predecessor-version":[{"id":72033,"href":"https:\/\/vocesparalelas.com.ar\/sitio\/wp-json\/wp\/v2\/posts\/72026\/revisions\/72033"}],"wp:featuredmedia":[{"embeddable":true,"href":"https:\/\/vocesparalelas.com.ar\/sitio\/wp-json\/wp\/v2\/media\/72031"}],"wp:attachment":[{"href":"https:\/\/vocesparalelas.com.ar\/sitio\/wp-json\/wp\/v2\/media?parent=72026"}],"wp:term":[{"taxonomy":"category","embeddable":true,"href":"https:\/\/vocesparalelas.com.ar\/sitio\/wp-json\/wp\/v2\/categories?post=72026"},{"taxonomy":"post_tag","embeddable":true,"href":"https:\/\/vocesparalelas.com.ar\/sitio\/wp-json\/wp\/v2\/tags?post=72026"}],"curies":[{"name":"wp","href":"https:\/\/api.w.org\/{rel}","templated":true}]}}