{"id":71994,"date":"2024-05-03T21:52:14","date_gmt":"2024-05-04T00:52:14","guid":{"rendered":"https:\/\/vocesparalelas.com.ar\/sitio\/?p=71994"},"modified":"2024-05-03T23:52:28","modified_gmt":"2024-05-04T02:52:28","slug":"la-liga-calingastina-de-futbol-presente-en-la-camara-de-diputados-de-san-juan","status":"publish","type":"post","link":"https:\/\/vocesparalelas.com.ar\/sitio\/la-liga-calingastina-de-futbol-presente-en-la-camara-de-diputados-de-san-juan\/","title":{"rendered":"La Liga Calingastina de F\u00fatbol presente en la C\u00e1mara de Diputados de San Juan"},"content":{"rendered":"<p>El vicegobernador de San Juan, Dr. Fabian Mart\u00edn presidi\u00f3 la reuni\u00f3n con el presidente de la Liga Calingastina de Futbol y representantes de los equipos del departamento.<\/p>\n<p>La reuni\u00f3n se llev\u00f3 a cabo en el Edificio Anexo de la C\u00e1mara de Diputados, donde el vicegobernador, Dr. Fabi\u00e1n Mart\u00edn junto al subsecretario de Deporte Federado, Santiago de la Torre, fortalecieron el encuentro con miembros de la Liga Calingastina de F\u00fatbol.<\/p>\n<p>La agenda del d\u00eda se centr\u00f3 en abordar las realidades de los clubes departamentales, as\u00ed como en identificar \u00e1reas de colaboraci\u00f3n conjunta.<\/p>\n<p>Entre los presentes en representaci\u00f3n de la Liga Calingastina de F\u00fatbol estuvieron el presidente, Fabio Ibaceta, junto a l\u00edderes destacados de los clubes locales, incluyendo a Fabricio Tello del Club la Capilla, Antonio Cerda del Club Horizonte, Sebasti\u00e1n Ramos del Club Calingasta, Eduardo Zabaleta del Club Consorcio, Leticia Fern\u00e1ndez del Club La Planta, y la representante de la Asociaci\u00f3n Fomento Alcaparroza, Irene Castillo.<\/p>\n<p>Este encuentro no solo proporcion\u00f3 un espacio para el di\u00e1logo directo entre autoridades y l\u00edderes deportivos, sino que tambi\u00e9n sent\u00f3 las bases para futuras colaboraciones que prometen fortalecer el deporte local en la regi\u00f3n de Calingasta.<\/p>\n<p><img loading=\"lazy\" decoding=\"async\" class=\"alignnone size-full wp-image-44361\" src=\"https:\/\/vocesparalelas.com.ar\/sitio\/wp-content\/uploads\/2021\/11\/ANEXO-07.jpg\" alt=\"\" width=\"800\" height=\"533\" srcset=\"https:\/\/vocesparalelas.com.ar\/sitio\/wp-content\/uploads\/2021\/11\/ANEXO-07.jpg 800w, https:\/\/vocesparalelas.com.ar\/sitio\/wp-content\/uploads\/2021\/11\/ANEXO-07-300x200.jpg 300w, https:\/\/vocesparalelas.com.ar\/sitio\/wp-content\/uploads\/2021\/11\/ANEXO-07-768x512.jpg 768w\" sizes=\"auto, (max-width: 800px) 100vw, 800px\" \/><\/p>\n","protected":false},"excerpt":{"rendered":"<p>El vicegobernador de San Juan, Dr. Fabian Mart\u00edn presidi\u00f3 la reuni\u00f3n con el presidente de la Liga Calingastina de Futbol<\/p>\n","protected":false},"author":3,"featured_media":71997,"comment_status":"closed","ping_status":"closed","sticky":false,"template":"","format":"standard","meta":{"_acf_changed":false,"_seopress_robots_primary_cat":"none","_seopress_titles_title":"","_seopress_titles_desc":"","_seopress_robots_index":"","colormag_page_container_layout":"default_layout","colormag_page_sidebar_layout":"default_layout","footnotes":""},"categories":[1],"tags":[],"class_list":["post-71994","post","type-post","status-publish","format-standard","has-post-thumbnail","hentry","category-destacadas"],"acf":[],"_links":{"self":[{"href":"https:\/\/vocesparalelas.com.ar\/sitio\/wp-json\/wp\/v2\/posts\/71994","targetHints":{"allow":["GET"]}}],"collection":[{"href":"https:\/\/vocesparalelas.com.ar\/sitio\/wp-json\/wp\/v2\/posts"}],"about":[{"href":"https:\/\/vocesparalelas.com.ar\/sitio\/wp-json\/wp\/v2\/types\/post"}],"author":[{"embeddable":true,"href":"https:\/\/vocesparalelas.com.ar\/sitio\/wp-json\/wp\/v2\/users\/3"}],"replies":[{"embeddable":true,"href":"https:\/\/vocesparalelas.com.ar\/sitio\/wp-json\/wp\/v2\/comments?post=71994"}],"version-history":[{"count":1,"href":"https:\/\/vocesparalelas.com.ar\/sitio\/wp-json\/wp\/v2\/posts\/71994\/revisions"}],"predecessor-version":[{"id":71998,"href":"https:\/\/vocesparalelas.com.ar\/sitio\/wp-json\/wp\/v2\/posts\/71994\/revisions\/71998"}],"wp:featuredmedia":[{"embeddable":true,"href":"https:\/\/vocesparalelas.com.ar\/sitio\/wp-json\/wp\/v2\/media\/71997"}],"wp:attachment":[{"href":"https:\/\/vocesparalelas.com.ar\/sitio\/wp-json\/wp\/v2\/media?parent=71994"}],"wp:term":[{"taxonomy":"category","embeddable":true,"href":"https:\/\/vocesparalelas.com.ar\/sitio\/wp-json\/wp\/v2\/categories?post=71994"},{"taxonomy":"post_tag","embeddable":true,"href":"https:\/\/vocesparalelas.com.ar\/sitio\/wp-json\/wp\/v2\/tags?post=71994"}],"curies":[{"name":"wp","href":"https:\/\/api.w.org\/{rel}","templated":true}]}}