{"id":71977,"date":"2024-05-03T22:15:32","date_gmt":"2024-05-04T01:15:32","guid":{"rendered":"https:\/\/vocesparalelas.com.ar\/sitio\/?p=71977"},"modified":"2024-05-03T23:02:19","modified_gmt":"2024-05-04T02:02:19","slug":"club-ambiental-escolar-de-la-escuela-agustin-gnecco-planto-el-ejemplar-de-cina-cina-en-san-juan","status":"publish","type":"post","link":"https:\/\/vocesparalelas.com.ar\/sitio\/club-ambiental-escolar-de-la-escuela-agustin-gnecco-planto-el-ejemplar-de-cina-cina-en-san-juan\/","title":{"rendered":"Club Ambiental Escolar de la Escuela Agust\u00edn Gnecco plant\u00f3 el ejemplar de Cina Cina en San Juan"},"content":{"rendered":"<p>En el marco del proyecto de extensi\u00f3n de la Universidad Nacional de San Juan \u201cPercepci\u00f3n y valoraci\u00f3n de los bosques urbanos de San Juan a trav\u00e9s de un abordaje multiactoral\u201d liderado por la investigadora Dra. Natalia Andino.<\/p>\n<p>La Direcci\u00f3n de Arbolado Urbano se uni\u00f3 para llevar a cabo una actividad en la Escuela Agust\u00edn Gnecco, Departamento Chimbas.<\/p>\n<p>El objetivo es promover la conciencia ambiental y resaltar la importancia de los bosques urbanos en la provincia.<\/p>\n<p>Durante la jornada, se realiz\u00f3 la entrega de un ejemplar de cina cina, una especie aut\u00f3ctona de San Juan, que no solo embellece el entorno escolar, sino que tambi\u00e9n permite a los alumnos conocer de cerca la relevancia del arbolado urbano.<\/p>\n<figure id=\"attachment_71980\" aria-describedby=\"caption-attachment-71980\" style=\"width: 800px\" class=\"wp-caption alignnone\"><img loading=\"lazy\" decoding=\"async\" class=\"size-full wp-image-71980\" src=\"https:\/\/vocesparalelas.com.ar\/sitio\/wp-content\/uploads\/2024\/05\/FLORA-SAN-JUAN-CINA-CINA-01.jpg\" alt=\"\" width=\"800\" height=\"600\" srcset=\"https:\/\/vocesparalelas.com.ar\/sitio\/wp-content\/uploads\/2024\/05\/FLORA-SAN-JUAN-CINA-CINA-01.jpg 800w, https:\/\/vocesparalelas.com.ar\/sitio\/wp-content\/uploads\/2024\/05\/FLORA-SAN-JUAN-CINA-CINA-01-300x225.jpg 300w, https:\/\/vocesparalelas.com.ar\/sitio\/wp-content\/uploads\/2024\/05\/FLORA-SAN-JUAN-CINA-CINA-01-768x576.jpg 768w\" sizes=\"auto, (max-width: 800px) 100vw, 800px\" \/><figcaption id=\"caption-attachment-71980\" class=\"wp-caption-text\">Flora de San Juan, el ejemplar de Cina Cina<\/figcaption><\/figure>\n<p>&nbsp;<\/p>\n<figure id=\"attachment_71981\" aria-describedby=\"caption-attachment-71981\" style=\"width: 800px\" class=\"wp-caption alignnone\"><img loading=\"lazy\" decoding=\"async\" class=\"size-full wp-image-71981\" src=\"https:\/\/vocesparalelas.com.ar\/sitio\/wp-content\/uploads\/2024\/05\/FLORA-SAN-JUAN-CINA-CINA-02.jpg\" alt=\"\" width=\"800\" height=\"532\" srcset=\"https:\/\/vocesparalelas.com.ar\/sitio\/wp-content\/uploads\/2024\/05\/FLORA-SAN-JUAN-CINA-CINA-02.jpg 800w, https:\/\/vocesparalelas.com.ar\/sitio\/wp-content\/uploads\/2024\/05\/FLORA-SAN-JUAN-CINA-CINA-02-300x200.jpg 300w, https:\/\/vocesparalelas.com.ar\/sitio\/wp-content\/uploads\/2024\/05\/FLORA-SAN-JUAN-CINA-CINA-02-768x511.jpg 768w\" sizes=\"auto, (max-width: 800px) 100vw, 800px\" \/><figcaption id=\"caption-attachment-71981\" class=\"wp-caption-text\">Flora de San Juan, el ejemplar de Cina Cina y sus flores<\/figcaption><\/figure>\n<p>Los integrantes del Club Ambiental Escolar, junto con su equipo de \u201cGuardianes de los Bosques\u201d, fueron los encargados de llevar a cabo la plantaci\u00f3n.<\/p>\n<p>Como parte del mismo proyecto de extensi\u00f3n los investigadores Dra. Natalia Andino, Lic. Cecilia Pe\u00f1alva y Lic. Rodrigo D\u00edas se encuentran trabajando en la elaboraci\u00f3n de un libro en el que se abordar\u00e1 tem\u00e1ticas como mantenimiento, entre los que se encuentra riego, poda y estrategias de conservaci\u00f3n, como un aporte m\u00e1s a la conservaci\u00f3n de los bosques urbanos.<\/p>\n<p>La educaci\u00f3n desempe\u00f1a un papel fundamental en la conservaci\u00f3n y valoraci\u00f3n de los bosques urbanos. Es crucial que los alumnos adquieran conocimientos sobre estos ecosistemas, reconozcan su importancia y se conviertan en promotores de su conservaci\u00f3n y cuidado. Esta iniciativa no solo busca enriquecer el entorno escolar con m\u00e1s vegetaci\u00f3n, sino tambi\u00e9n sembrar semillas de conciencia ambiental en las mentes de los j\u00f3venes, asegurando as\u00ed un futuro m\u00e1s sostenible para todos.<\/p>\n<p><img loading=\"lazy\" decoding=\"async\" class=\"alignnone size-full wp-image-71983\" src=\"https:\/\/vocesparalelas.com.ar\/sitio\/wp-content\/uploads\/2024\/05\/CLUB-AMBIENTAL-ESCOLAR-ESCUELA-GNECCO-01.jpg\" alt=\"\" width=\"800\" height=\"534\" srcset=\"https:\/\/vocesparalelas.com.ar\/sitio\/wp-content\/uploads\/2024\/05\/CLUB-AMBIENTAL-ESCOLAR-ESCUELA-GNECCO-01.jpg 800w, https:\/\/vocesparalelas.com.ar\/sitio\/wp-content\/uploads\/2024\/05\/CLUB-AMBIENTAL-ESCOLAR-ESCUELA-GNECCO-01-300x200.jpg 300w, https:\/\/vocesparalelas.com.ar\/sitio\/wp-content\/uploads\/2024\/05\/CLUB-AMBIENTAL-ESCOLAR-ESCUELA-GNECCO-01-768x513.jpg 768w\" sizes=\"auto, (max-width: 800px) 100vw, 800px\" \/><\/p>\n","protected":false},"excerpt":{"rendered":"<p>En el marco del proyecto de extensi\u00f3n de la Universidad Nacional de San Juan \u201cPercepci\u00f3n y valoraci\u00f3n de los bosques<\/p>\n","protected":false},"author":3,"featured_media":71982,"comment_status":"closed","ping_status":"closed","sticky":false,"template":"","format":"standard","meta":{"_acf_changed":false,"_seopress_robots_primary_cat":"none","_seopress_titles_title":"","_seopress_titles_desc":"","_seopress_robots_index":"","colormag_page_container_layout":"default_layout","colormag_page_sidebar_layout":"default_layout","footnotes":""},"categories":[1],"tags":[],"class_list":["post-71977","post","type-post","status-publish","format-standard","has-post-thumbnail","hentry","category-destacadas"],"acf":[],"_links":{"self":[{"href":"https:\/\/vocesparalelas.com.ar\/sitio\/wp-json\/wp\/v2\/posts\/71977","targetHints":{"allow":["GET"]}}],"collection":[{"href":"https:\/\/vocesparalelas.com.ar\/sitio\/wp-json\/wp\/v2\/posts"}],"about":[{"href":"https:\/\/vocesparalelas.com.ar\/sitio\/wp-json\/wp\/v2\/types\/post"}],"author":[{"embeddable":true,"href":"https:\/\/vocesparalelas.com.ar\/sitio\/wp-json\/wp\/v2\/users\/3"}],"replies":[{"embeddable":true,"href":"https:\/\/vocesparalelas.com.ar\/sitio\/wp-json\/wp\/v2\/comments?post=71977"}],"version-history":[{"count":3,"href":"https:\/\/vocesparalelas.com.ar\/sitio\/wp-json\/wp\/v2\/posts\/71977\/revisions"}],"predecessor-version":[{"id":71986,"href":"https:\/\/vocesparalelas.com.ar\/sitio\/wp-json\/wp\/v2\/posts\/71977\/revisions\/71986"}],"wp:featuredmedia":[{"embeddable":true,"href":"https:\/\/vocesparalelas.com.ar\/sitio\/wp-json\/wp\/v2\/media\/71982"}],"wp:attachment":[{"href":"https:\/\/vocesparalelas.com.ar\/sitio\/wp-json\/wp\/v2\/media?parent=71977"}],"wp:term":[{"taxonomy":"category","embeddable":true,"href":"https:\/\/vocesparalelas.com.ar\/sitio\/wp-json\/wp\/v2\/categories?post=71977"},{"taxonomy":"post_tag","embeddable":true,"href":"https:\/\/vocesparalelas.com.ar\/sitio\/wp-json\/wp\/v2\/tags?post=71977"}],"curies":[{"name":"wp","href":"https:\/\/api.w.org\/{rel}","templated":true}]}}