{"id":71953,"date":"2024-05-02T21:57:38","date_gmt":"2024-05-03T00:57:38","guid":{"rendered":"https:\/\/vocesparalelas.com.ar\/sitio\/?p=71953"},"modified":"2024-05-03T00:12:19","modified_gmt":"2024-05-03T03:12:19","slug":"avanzan-las-obras-publicas-entre-las-municipalidades-de-rivadavia-y-capital","status":"publish","type":"post","link":"https:\/\/vocesparalelas.com.ar\/sitio\/avanzan-las-obras-publicas-entre-las-municipalidades-de-rivadavia-y-capital\/","title":{"rendered":"Avanzan las Obras p\u00fablicas entre las Municipalidades de Rivadavia y Capital"},"content":{"rendered":"<p>La Municipalidad de la Ciudad de Rivadavia contin\u00faa trabajando en la urbanizaci\u00f3n de Arenales y San Miguel, en el l\u00edmite Este con el Departamento Capital de San Juan.<\/p>\n<p>Por ello, la Secretar\u00eda de Obras de la Municipalidad de la Ciudad de Rivadavia dispuso de personal especial para la realizaci\u00f3n de tareas de construcci\u00f3n coordinadas con la Municipalidad de Capital.<\/p>\n<p>Es importante recordar que, el Intendente de la Municipalidad de la Ciudad de Rivadavia, Sergio Miodowky junto a la Intendente de la Municipalidad de la Capital, Dra. Susana Laciar, anunciaron realizar un completo trabajo de urbanismo juntos en las periferias de sus respectivos departamentos mediante una estrecha colaboraci\u00f3n para lograr el objetivo.<\/p>\n<figure id=\"attachment_69736\" aria-describedby=\"caption-attachment-69736\" style=\"width: 800px\" class=\"wp-caption alignnone\"><img loading=\"lazy\" decoding=\"async\" class=\"size-full wp-image-69736\" src=\"https:\/\/vocesparalelas.com.ar\/sitio\/wp-content\/uploads\/2024\/02\/CAPITAL-RIVADAVIA-02.jpg\" alt=\"\" width=\"800\" height=\"533\" srcset=\"https:\/\/vocesparalelas.com.ar\/sitio\/wp-content\/uploads\/2024\/02\/CAPITAL-RIVADAVIA-02.jpg 800w, https:\/\/vocesparalelas.com.ar\/sitio\/wp-content\/uploads\/2024\/02\/CAPITAL-RIVADAVIA-02-300x200.jpg 300w, https:\/\/vocesparalelas.com.ar\/sitio\/wp-content\/uploads\/2024\/02\/CAPITAL-RIVADAVIA-02-768x512.jpg 768w\" sizes=\"auto, (max-width: 800px) 100vw, 800px\" \/><figcaption id=\"caption-attachment-69736\" class=\"wp-caption-text\">Intendente de la Municipalidad de la Ciudad de Rivadavia, Sergio Miodowky junto a la Intendente de la Municipalidad de Ciudad Capital, Dra. Susana Laciar<\/figcaption><\/figure>\n<p>De esta manera, Rivadavia ya muestra un avance de obra del 20% a lo largo de Arenales, desde San Miguel hasta Echeverr\u00eda y sobre San Miguel entre Arenales e Ignacio de la Rosa. Los trabajos que se ejecutan en la zona son acequias, cordones y zapatas, que brindan mayor transitabilidad, seguridad y limpieza a los vecinos y transe\u00fantes.<\/p>\n<p>El jefe comunal de Rivadavia instrument\u00f3 un plan integral de obras barriales a lo largo y ancho del departamento, en sus cinco comunas y a solicitud de los vecinos, que mejoran sustancialmente su calidad de vida.<\/p>\n<p><img loading=\"lazy\" decoding=\"async\" class=\"alignnone size-full wp-image-66896\" src=\"https:\/\/vocesparalelas.com.ar\/sitio\/wp-content\/uploads\/2023\/12\/RIVADAVIA-LOGO-NUEVO.jpg\" alt=\"\" width=\"800\" height=\"533\" srcset=\"https:\/\/vocesparalelas.com.ar\/sitio\/wp-content\/uploads\/2023\/12\/RIVADAVIA-LOGO-NUEVO.jpg 800w, https:\/\/vocesparalelas.com.ar\/sitio\/wp-content\/uploads\/2023\/12\/RIVADAVIA-LOGO-NUEVO-300x200.jpg 300w, https:\/\/vocesparalelas.com.ar\/sitio\/wp-content\/uploads\/2023\/12\/RIVADAVIA-LOGO-NUEVO-768x512.jpg 768w\" sizes=\"auto, (max-width: 800px) 100vw, 800px\" \/><\/p>\n","protected":false},"excerpt":{"rendered":"<p>La Municipalidad de la Ciudad de Rivadavia contin\u00faa trabajando en la urbanizaci\u00f3n de Arenales y San Miguel, en el l\u00edmite<\/p>\n","protected":false},"author":3,"featured_media":71956,"comment_status":"closed","ping_status":"closed","sticky":false,"template":"","format":"standard","meta":{"_acf_changed":false,"_seopress_robots_primary_cat":"none","_seopress_titles_title":"","_seopress_titles_desc":"","_seopress_robots_index":"","colormag_page_container_layout":"default_layout","colormag_page_sidebar_layout":"default_layout","footnotes":""},"categories":[1],"tags":[],"class_list":["post-71953","post","type-post","status-publish","format-standard","has-post-thumbnail","hentry","category-destacadas"],"acf":[],"_links":{"self":[{"href":"https:\/\/vocesparalelas.com.ar\/sitio\/wp-json\/wp\/v2\/posts\/71953","targetHints":{"allow":["GET"]}}],"collection":[{"href":"https:\/\/vocesparalelas.com.ar\/sitio\/wp-json\/wp\/v2\/posts"}],"about":[{"href":"https:\/\/vocesparalelas.com.ar\/sitio\/wp-json\/wp\/v2\/types\/post"}],"author":[{"embeddable":true,"href":"https:\/\/vocesparalelas.com.ar\/sitio\/wp-json\/wp\/v2\/users\/3"}],"replies":[{"embeddable":true,"href":"https:\/\/vocesparalelas.com.ar\/sitio\/wp-json\/wp\/v2\/comments?post=71953"}],"version-history":[{"count":1,"href":"https:\/\/vocesparalelas.com.ar\/sitio\/wp-json\/wp\/v2\/posts\/71953\/revisions"}],"predecessor-version":[{"id":71957,"href":"https:\/\/vocesparalelas.com.ar\/sitio\/wp-json\/wp\/v2\/posts\/71953\/revisions\/71957"}],"wp:featuredmedia":[{"embeddable":true,"href":"https:\/\/vocesparalelas.com.ar\/sitio\/wp-json\/wp\/v2\/media\/71956"}],"wp:attachment":[{"href":"https:\/\/vocesparalelas.com.ar\/sitio\/wp-json\/wp\/v2\/media?parent=71953"}],"wp:term":[{"taxonomy":"category","embeddable":true,"href":"https:\/\/vocesparalelas.com.ar\/sitio\/wp-json\/wp\/v2\/categories?post=71953"},{"taxonomy":"post_tag","embeddable":true,"href":"https:\/\/vocesparalelas.com.ar\/sitio\/wp-json\/wp\/v2\/tags?post=71953"}],"curies":[{"name":"wp","href":"https:\/\/api.w.org\/{rel}","templated":true}]}}