{"id":71942,"date":"2024-05-02T22:50:21","date_gmt":"2024-05-03T01:50:21","guid":{"rendered":"https:\/\/vocesparalelas.com.ar\/sitio\/?p=71942"},"modified":"2024-05-04T01:13:40","modified_gmt":"2024-05-04T04:13:40","slug":"boletas-del-impuesto-automotor-de-san-juan","status":"publish","type":"post","link":"https:\/\/vocesparalelas.com.ar\/sitio\/boletas-del-impuesto-automotor-de-san-juan\/","title":{"rendered":"Boletas del Impuesto Automotor de San Juan"},"content":{"rendered":"<p>La Direcci\u00f3n General de Rentas del Ministerio de Econom\u00eda de Hacienda y Finanzas del Gobierno de San Juan comunica que en el marco del Calendario Impositivo A\u00f1o Fiscal 2024, las boletas del Impuesto Automotor est\u00e1n disponibles en la p\u00e1gina web.<\/p>\n<p>Cabe destacar que la al\u00edcuota del canon se modific\u00f3 del 2,75% al 2%, lo que implica una reducci\u00f3n del 30%.<\/p>\n<p><span style=\"color: #339966;\"><strong>En \u00e9ste sentido, se ajust\u00f3 la cantidad de cuotas y la fecha de vencimiento de patentes<\/strong><\/span><\/p>\n<ul>\n<li>Pago \u00danico Anual 2024: 16 de Mayo de 2024.<\/li>\n<li>Primera Cuota Semestral 2024: 17 de Mayo de 2024.<\/li>\n<li>Segunda Cuota Semestral 2024: 19 de Septiembre de 2024.<\/li>\n<\/ul>\n<p>Por otra parte, es necesario aclarar que todos los pagos que se realicen por la web tienen un descuento extra del 10 %.<\/p>\n<p><span style=\"color: #339966;\"><strong>Adem\u00e1s, se establecen las fechas de vencimiento de las cuotas mensuales 2024<\/strong><\/span><\/p>\n<ul>\n<li>1\u00b0 Cuota Mensual 2024: 20 de Mayo de 2024.<\/li>\n<li>2\u00b0 Cuota Mensual 2024: 24 de Junio de 2024.<\/li>\n<li>3\u00b0 Cuota Mensual 2024: 22 de Julio de 2024.<\/li>\n<li>4\u00b0 Cuota Mensual 2024: 20 de Agosto de 2024.<\/li>\n<li>5\u00b0 Cuota Mensual 2024: 20 de Septiembre de 2024.<\/li>\n<li>6\u00b0 Cuota Mensual 2024: 21 de Octubre de 2024.<\/li>\n<li>7\u00b0 Cuota Mensual 2024: 20 de Noviembre de 2024.<\/li>\n<li>8\u00b0 Cuota Mensual 2024: 20 de Diciembre de 2024.<\/li>\n<\/ul>\n<p>Para finalizar, los contribuyentes pueden realizar sus pagos de forma r\u00e1pida y sencilla a trav\u00e9s del sitio web oficial:<\/p>\n<p><a href=\"https:\/\/rentas.dgrsj.gob.ar\/\">https:\/\/rentas.dgrsj.gob.ar\/<\/a><\/p>\n<p>En este portal se encuentran las \u00faltimas novedades, as\u00ed como tambi\u00e9n informaci\u00f3n detallada sobre beneficios disponibles, medios de pago aceptados y la agenda completa de vencimientos.<\/p>\n<p><img loading=\"lazy\" decoding=\"async\" class=\"alignnone size-full wp-image-65642\" src=\"https:\/\/vocesparalelas.com.ar\/sitio\/wp-content\/uploads\/2023\/11\/GOBIERNO-SAN-JUAN.jpg\" alt=\"\" width=\"800\" height=\"600\" srcset=\"https:\/\/vocesparalelas.com.ar\/sitio\/wp-content\/uploads\/2023\/11\/GOBIERNO-SAN-JUAN.jpg 800w, https:\/\/vocesparalelas.com.ar\/sitio\/wp-content\/uploads\/2023\/11\/GOBIERNO-SAN-JUAN-300x225.jpg 300w, https:\/\/vocesparalelas.com.ar\/sitio\/wp-content\/uploads\/2023\/11\/GOBIERNO-SAN-JUAN-768x576.jpg 768w\" sizes=\"auto, (max-width: 800px) 100vw, 800px\" \/><\/p>\n","protected":false},"excerpt":{"rendered":"<p>La Direcci\u00f3n General de Rentas del Ministerio de Econom\u00eda de Hacienda y Finanzas del Gobierno de San Juan comunica que<\/p>\n","protected":false},"author":3,"featured_media":71347,"comment_status":"closed","ping_status":"closed","sticky":false,"template":"","format":"standard","meta":{"_acf_changed":false,"_seopress_robots_primary_cat":"none","_seopress_titles_title":"","_seopress_titles_desc":"","_seopress_robots_index":"","colormag_page_container_layout":"default_layout","colormag_page_sidebar_layout":"default_layout","footnotes":""},"categories":[6],"tags":[],"class_list":["post-71942","post","type-post","status-publish","format-standard","has-post-thumbnail","hentry","category-eventos"],"acf":[],"_links":{"self":[{"href":"https:\/\/vocesparalelas.com.ar\/sitio\/wp-json\/wp\/v2\/posts\/71942","targetHints":{"allow":["GET"]}}],"collection":[{"href":"https:\/\/vocesparalelas.com.ar\/sitio\/wp-json\/wp\/v2\/posts"}],"about":[{"href":"https:\/\/vocesparalelas.com.ar\/sitio\/wp-json\/wp\/v2\/types\/post"}],"author":[{"embeddable":true,"href":"https:\/\/vocesparalelas.com.ar\/sitio\/wp-json\/wp\/v2\/users\/3"}],"replies":[{"embeddable":true,"href":"https:\/\/vocesparalelas.com.ar\/sitio\/wp-json\/wp\/v2\/comments?post=71942"}],"version-history":[{"count":1,"href":"https:\/\/vocesparalelas.com.ar\/sitio\/wp-json\/wp\/v2\/posts\/71942\/revisions"}],"predecessor-version":[{"id":71945,"href":"https:\/\/vocesparalelas.com.ar\/sitio\/wp-json\/wp\/v2\/posts\/71942\/revisions\/71945"}],"wp:featuredmedia":[{"embeddable":true,"href":"https:\/\/vocesparalelas.com.ar\/sitio\/wp-json\/wp\/v2\/media\/71347"}],"wp:attachment":[{"href":"https:\/\/vocesparalelas.com.ar\/sitio\/wp-json\/wp\/v2\/media?parent=71942"}],"wp:term":[{"taxonomy":"category","embeddable":true,"href":"https:\/\/vocesparalelas.com.ar\/sitio\/wp-json\/wp\/v2\/categories?post=71942"},{"taxonomy":"post_tag","embeddable":true,"href":"https:\/\/vocesparalelas.com.ar\/sitio\/wp-json\/wp\/v2\/tags?post=71942"}],"curies":[{"name":"wp","href":"https:\/\/api.w.org\/{rel}","templated":true}]}}