{"id":71921,"date":"2024-05-02T20:49:53","date_gmt":"2024-05-02T23:49:53","guid":{"rendered":"https:\/\/vocesparalelas.com.ar\/sitio\/?p=71921"},"modified":"2024-05-02T20:49:53","modified_gmt":"2024-05-02T23:49:53","slug":"homenaje-a-los-caidos-en-el-ara-general-belgrano-en-san-juan","status":"publish","type":"post","link":"https:\/\/vocesparalelas.com.ar\/sitio\/homenaje-a-los-caidos-en-el-ara-general-belgrano-en-san-juan\/","title":{"rendered":"Homenaje a los ca\u00eddos en el ARA General Belgrano en San Juan"},"content":{"rendered":"<p>En la plaza \u201cMonumento a los Ca\u00eddos\u201d, al cumplirse 42 a\u00f1os del hundimiento del crucero del ARA General Belgrano, durante la guerra de Malvinas, el 2 de Mayo, donde el Gobierno de San Juan rindi\u00f3 honor a los h\u00e9roes.<\/p>\n<p>Estuvieron presentes el presidente primero de la C\u00e1mara de Diputados en ejercicio del poder Ejecutivo Provincial, Enzo Cornejo; la ministra de Gobierno, Dra. Laura Palma, diputados provinciales y la secretaria de Relaciones Internacionales, Dra. Claudia Sarmiento.<\/p>\n<p><img loading=\"lazy\" decoding=\"async\" class=\"alignnone size-full wp-image-71925\" src=\"https:\/\/vocesparalelas.com.ar\/sitio\/wp-content\/uploads\/2024\/05\/MALVINAS-BELGRADO-02.jpg\" alt=\"\" width=\"800\" height=\"450\" srcset=\"https:\/\/vocesparalelas.com.ar\/sitio\/wp-content\/uploads\/2024\/05\/MALVINAS-BELGRADO-02.jpg 800w, https:\/\/vocesparalelas.com.ar\/sitio\/wp-content\/uploads\/2024\/05\/MALVINAS-BELGRADO-02-300x169.jpg 300w, https:\/\/vocesparalelas.com.ar\/sitio\/wp-content\/uploads\/2024\/05\/MALVINAS-BELGRADO-02-768x432.jpg 768w\" sizes=\"auto, (max-width: 800px) 100vw, 800px\" \/><\/p>\n<p>El acto comenz\u00f3 con un minuto de silencio en honor a los h\u00e9roes del ARA \u201cGeneral Belgrano\u201d y luego se entonaron la entonaci\u00f3n de las estrofas del Himno Nacional Argentino y la Marcha a las Malvinas.<\/p>\n<p>A continuaci\u00f3n, las autoridades colocaron ofrendas florales en honor a los 1093 tripulantes del crucero, de los cuales 20 sanjuaninos sobrevivieron.<\/p>\n<p>Despu\u00e9s, el poeta sanjuanino Jorge P\u00e1ez ley\u00f3 una poes\u00eda en homenaje a Hugo Perea, uno de los sobrevivientes del ARA que falleci\u00f3 recientemente con\u00a0 \u00abVeterano\u00bb y se la regal\u00f3 a familiares.<\/p>\n<p>Al momento de los discursos, Virginia Avellaneda, familiar de un h\u00e9roe, remarc\u00f3 que \u201choy, al cumplirse 42 a\u00f1os, estamos de ese desenlace tan triste, estamos record\u00e1ndolos y rindi\u00e9ndoles honor a ellos y a los veteranos de guerra que volvieron y contaron lo vivido. Hoy, 2 de mayo, como siempre, afloran esos recuerdos tan dolorosos para nosotros, los familiares, y aqu\u00ed estamos, madres, hermanos, esposas, hijos, sobrinos, presentes, por todos ellos a quienes dieron su vida por la patria\u201d.<\/p>\n<p>Acto seguido, Juan Nievas sobreviviente del ARA \u201cGeneral Belgrano\u201d dijo que \u201cpara nosotros, los n\u00e1ufragos que tuvimos la suerte de regresar, tenemos la misi\u00f3n de compartir hoy nuestras experiencias, pero yo creo que entre todos llevamos en alto la bandera de nuestro amado crucero, pero tambi\u00e9n para enaltecer el valor de nuestros camaradas custodios del crucero Belgrano\u201d.<\/p>\n<p>Agreg\u00f3 que \u201cdesde 1982 a la fecha hubo cambios. Comenzamos a ver que nuestra campa\u00f1a por malvinizar y por nuestra gesta en Malvinas por fin est\u00e1 dando sus frutos. El movimiento del crucero Belgrano est\u00e1 por fin entrando en la historia argentina. Los j\u00f3venes de hoy est\u00e1n interesados en la misma porque ellos ser\u00e1n los embajadores del reclamo leg\u00edtimo de nuestra soberan\u00eda\u201d.<\/p>\n<p>Por \u00faltimo, la ministra de Gobierno, Laura Palma dijo que \u201cla verdad es que una vez m\u00e1s nos reunimos ac\u00e1, hace un mes, por una situaci\u00f3n que es dolorosa para nuestro pa\u00eds. En este caso m\u00e1s de mil personas que iban a bordo del crucero Aras General Belgrano sufrieron este atentado que, como dec\u00eda qui\u00e9n me preced\u00eda en la palabra, fue cobarde y desgraciadamente 323 argentinos perdieron la vida, entre ellos 21 sanjuaninos\u201d.<\/p>\n<p>\u201cNuestro homenaje siempre es un homenaje respetuoso a todas las v\u00edctimas, un abrazo a los familiares y a aquellos sobrevivientes, un gracias, decir que son h\u00e9roes, honor y gloria para nuestros h\u00e9roes como dijo el compa\u00f1ero reci\u00e9n. Esperamos que el sue\u00f1o de los argentinos que es ver alg\u00fan d\u00eda la bandera argentina flamear en las islas sea posible y podamos verlo\u201d, cerr\u00f3 la ministra.<\/p>\n<p>Tambi\u00e9n acompa\u00f1aron el acto el secretario de Gobierno de la Municipalidad de San Juan, Leandro Fern\u00e1ndez; en representaci\u00f3n de la D\u00e9cima Agrupaci\u00f3n San Juan de Gendarmer\u00eda Nacional, Facundo Ben\u00edtez; miembros del CEAS, familiares de Ca\u00eddos en Malvinas; El delegado naval en San Juan de la Armada Argentina, Dulio \u00c1vila; el jefe de Polic\u00eda de San Juan, Eduardo Lirola; miembros de Plana Mayor de Oficiales y Suboficiales de la provincia de San Juan; Jefe de Unidad Coordinadora Polic\u00eda de San Juan; y dem\u00e1s autoridades.<\/p>\n<p>&nbsp;<\/p>\n<p><iframe loading=\"lazy\" title=\"El Gobierno acompa\u00f1\u00f3 el acto en homenaje a los ca\u00eddos en el hundimiento del ARA \u201cGeneral Belgrano\u201d\" width=\"800\" height=\"450\" src=\"https:\/\/www.youtube.com\/embed\/ZKy9C5mSEwg?feature=oembed\" frameborder=\"0\" allow=\"accelerometer; autoplay; clipboard-write; encrypted-media; gyroscope; picture-in-picture; web-share\" referrerpolicy=\"strict-origin-when-cross-origin\" allowfullscreen><\/iframe><\/p>\n","protected":false},"excerpt":{"rendered":"<p>En la plaza \u201cMonumento a los Ca\u00eddos\u201d, al cumplirse 42 a\u00f1os del hundimiento del crucero del ARA General Belgrano, durante<\/p>\n","protected":false},"author":3,"featured_media":71924,"comment_status":"closed","ping_status":"closed","sticky":false,"template":"","format":"standard","meta":{"_acf_changed":false,"_seopress_robots_primary_cat":"none","_seopress_titles_title":"","_seopress_titles_desc":"","_seopress_robots_index":"","colormag_page_container_layout":"default_layout","colormag_page_sidebar_layout":"default_layout","footnotes":""},"categories":[1,7],"tags":[],"class_list":["post-71921","post","type-post","status-publish","format-standard","has-post-thumbnail","hentry","category-destacadas","category-videos"],"acf":[],"_links":{"self":[{"href":"https:\/\/vocesparalelas.com.ar\/sitio\/wp-json\/wp\/v2\/posts\/71921","targetHints":{"allow":["GET"]}}],"collection":[{"href":"https:\/\/vocesparalelas.com.ar\/sitio\/wp-json\/wp\/v2\/posts"}],"about":[{"href":"https:\/\/vocesparalelas.com.ar\/sitio\/wp-json\/wp\/v2\/types\/post"}],"author":[{"embeddable":true,"href":"https:\/\/vocesparalelas.com.ar\/sitio\/wp-json\/wp\/v2\/users\/3"}],"replies":[{"embeddable":true,"href":"https:\/\/vocesparalelas.com.ar\/sitio\/wp-json\/wp\/v2\/comments?post=71921"}],"version-history":[{"count":1,"href":"https:\/\/vocesparalelas.com.ar\/sitio\/wp-json\/wp\/v2\/posts\/71921\/revisions"}],"predecessor-version":[{"id":71926,"href":"https:\/\/vocesparalelas.com.ar\/sitio\/wp-json\/wp\/v2\/posts\/71921\/revisions\/71926"}],"wp:featuredmedia":[{"embeddable":true,"href":"https:\/\/vocesparalelas.com.ar\/sitio\/wp-json\/wp\/v2\/media\/71924"}],"wp:attachment":[{"href":"https:\/\/vocesparalelas.com.ar\/sitio\/wp-json\/wp\/v2\/media?parent=71921"}],"wp:term":[{"taxonomy":"category","embeddable":true,"href":"https:\/\/vocesparalelas.com.ar\/sitio\/wp-json\/wp\/v2\/categories?post=71921"},{"taxonomy":"post_tag","embeddable":true,"href":"https:\/\/vocesparalelas.com.ar\/sitio\/wp-json\/wp\/v2\/tags?post=71921"}],"curies":[{"name":"wp","href":"https:\/\/api.w.org\/{rel}","templated":true}]}}