{"id":71903,"date":"2024-05-01T14:10:07","date_gmt":"2024-05-01T17:10:07","guid":{"rendered":"https:\/\/vocesparalelas.com.ar\/sitio\/?p=71903"},"modified":"2024-05-03T00:12:55","modified_gmt":"2024-05-03T03:12:55","slug":"sumate-a-la-feria-de-las-artesanias-en-san-juan-y-redtulum-te-acerca","status":"publish","type":"post","link":"https:\/\/vocesparalelas.com.ar\/sitio\/sumate-a-la-feria-de-las-artesanias-en-san-juan-y-redtulum-te-acerca\/","title":{"rendered":"Sumate a la Feria de las Artesan\u00edas en San Juan y RedTulum te acerca"},"content":{"rendered":"<p>El Ministerio de Gobierno de San Juan, a trav\u00e9s de la Direcci\u00f3n de Coordinaci\u00f3n de la RedTulum, informa que se ha dispuesto ajustar los recorridos de las l\u00edneas que llegan al Predio Ferial Costanera, Departamento Chimbas, con motivo de celebrarse la Feria Internacional de las Artesan\u00edas.<\/p>\n<p>Desde el Viernes, 3 al Domingo, 12 de Mayo, la l\u00ednea 405 extiende su recorrido desde Centenario hasta la rotonda de Salta y Fern\u00e1ndez, desde las 16 hasta las 22.<\/p>\n<p>Asimismo, la l\u00ednea 403 mantiene su recorrido habitual circulando por\u00a0 Centenario y Salta.<\/p>\n<p>En tanto, S\u00e1bado y Domingo, la l\u00ednea 40 extiende su recorrido desde 25 de Mayo hasta la rotonda de Salta y Fern\u00e1ndez. desde las 16 hasta las 22 hs.<\/p>\n<p><img loading=\"lazy\" decoding=\"async\" class=\"alignnone size-full wp-image-69210\" src=\"https:\/\/vocesparalelas.com.ar\/sitio\/wp-content\/uploads\/2024\/02\/REDTULUM-COLECTIVO-01.jpg\" alt=\"\" width=\"800\" height=\"470\" srcset=\"https:\/\/vocesparalelas.com.ar\/sitio\/wp-content\/uploads\/2024\/02\/REDTULUM-COLECTIVO-01.jpg 800w, https:\/\/vocesparalelas.com.ar\/sitio\/wp-content\/uploads\/2024\/02\/REDTULUM-COLECTIVO-01-300x176.jpg 300w, https:\/\/vocesparalelas.com.ar\/sitio\/wp-content\/uploads\/2024\/02\/REDTULUM-COLECTIVO-01-768x451.jpg 768w\" sizes=\"auto, (max-width: 800px) 100vw, 800px\" \/><\/p>\n","protected":false},"excerpt":{"rendered":"<p>El Ministerio de Gobierno de San Juan, a trav\u00e9s de la Direcci\u00f3n de Coordinaci\u00f3n de la RedTulum, informa que se<\/p>\n","protected":false},"author":3,"featured_media":48541,"comment_status":"closed","ping_status":"closed","sticky":false,"template":"","format":"standard","meta":{"_acf_changed":false,"_seopress_robots_primary_cat":"none","_seopress_titles_title":"","_seopress_titles_desc":"","_seopress_robots_index":"","colormag_page_container_layout":"default_layout","colormag_page_sidebar_layout":"default_layout","footnotes":""},"categories":[20],"tags":[],"class_list":["post-71903","post","type-post","status-publish","format-standard","has-post-thumbnail","hentry","category-cartelera"],"acf":[],"_links":{"self":[{"href":"https:\/\/vocesparalelas.com.ar\/sitio\/wp-json\/wp\/v2\/posts\/71903","targetHints":{"allow":["GET"]}}],"collection":[{"href":"https:\/\/vocesparalelas.com.ar\/sitio\/wp-json\/wp\/v2\/posts"}],"about":[{"href":"https:\/\/vocesparalelas.com.ar\/sitio\/wp-json\/wp\/v2\/types\/post"}],"author":[{"embeddable":true,"href":"https:\/\/vocesparalelas.com.ar\/sitio\/wp-json\/wp\/v2\/users\/3"}],"replies":[{"embeddable":true,"href":"https:\/\/vocesparalelas.com.ar\/sitio\/wp-json\/wp\/v2\/comments?post=71903"}],"version-history":[{"count":1,"href":"https:\/\/vocesparalelas.com.ar\/sitio\/wp-json\/wp\/v2\/posts\/71903\/revisions"}],"predecessor-version":[{"id":71906,"href":"https:\/\/vocesparalelas.com.ar\/sitio\/wp-json\/wp\/v2\/posts\/71903\/revisions\/71906"}],"wp:featuredmedia":[{"embeddable":true,"href":"https:\/\/vocesparalelas.com.ar\/sitio\/wp-json\/wp\/v2\/media\/48541"}],"wp:attachment":[{"href":"https:\/\/vocesparalelas.com.ar\/sitio\/wp-json\/wp\/v2\/media?parent=71903"}],"wp:term":[{"taxonomy":"category","embeddable":true,"href":"https:\/\/vocesparalelas.com.ar\/sitio\/wp-json\/wp\/v2\/categories?post=71903"},{"taxonomy":"post_tag","embeddable":true,"href":"https:\/\/vocesparalelas.com.ar\/sitio\/wp-json\/wp\/v2\/tags?post=71903"}],"curies":[{"name":"wp","href":"https:\/\/api.w.org\/{rel}","templated":true}]}}