{"id":71897,"date":"2024-05-01T11:22:24","date_gmt":"2024-05-01T14:22:24","guid":{"rendered":"https:\/\/vocesparalelas.com.ar\/sitio\/?p=71897"},"modified":"2024-05-01T12:06:24","modified_gmt":"2024-05-01T15:06:24","slug":"siempre-respetuosos-de-la-democracia-en-defensa-de-los-derechos-de-los-trabajadores-de-uta","status":"publish","type":"post","link":"https:\/\/vocesparalelas.com.ar\/sitio\/siempre-respetuosos-de-la-democracia-en-defensa-de-los-derechos-de-los-trabajadores-de-uta\/","title":{"rendered":"\u00abSiempre respetuosos de la Democracia en defensa de los derechos de los trabajadores de UTA\u00bb"},"content":{"rendered":"<p>Desde la Secretaria del Interior del Consejo Directivo Nacional Uni\u00f3n Tranviarios Automotor, queremos saludar a todos los miembros de las Juntas Ejecutivas, y en ellos a las compa\u00f1eras y compa\u00f1eros de las distintas Seccionales del interior del pa\u00eds, en este d\u00eda especial.<\/p>\n<p>En un contexto del pa\u00eds tan complejo, en que pretenden imponernos que reclamar por nuestros derechos resulta arcaico o \u00abatrasa\u00bb, este d\u00eda nos recuerda y nos debe interpelar a luchar, a no resignarnos, y a no bajar nunca los brazos, como lo hicieran los \u00abm\u00e1rtires de Chicago\u00bb, reclamando por m\u00e1s derechos para las y los trabajadores.<\/p>\n<p>Que este d\u00eda del Trabajo nos encuentre as\u00ed&#8230; \u00absiempre respetuosos de la democracia&#8230; pero consecuentes con nuestros ideales, en la defensa de los derechos de los trabajadores\u00bb.<\/p>\n<p style=\"text-align: right;\">Consejo Directivo Nacional<\/p>\n<p style=\"text-align: right;\">Uni\u00f3n Tranviarios Automotor<\/p>\n<p>&nbsp;<\/p>\n<p>Mensaje de UTA San Juan liderada por el Secretario General, Marcelo Maldonado, feliz d\u00eda a los trabajadores que apuestan al crecimiento de San Juan y Argentina.<\/p>\n<p><iframe loading=\"lazy\" title=\"UTA SAN JUAN\" width=\"800\" height=\"450\" src=\"https:\/\/www.youtube.com\/embed\/O0hhwJr_4ys?feature=oembed\" frameborder=\"0\" allow=\"accelerometer; autoplay; clipboard-write; encrypted-media; gyroscope; picture-in-picture; web-share\" referrerpolicy=\"strict-origin-when-cross-origin\" allowfullscreen><\/iframe><\/p>\n<p>&nbsp;<\/p>\n<figure id=\"attachment_60984\" aria-describedby=\"caption-attachment-60984\" style=\"width: 800px\" class=\"wp-caption alignnone\"><img loading=\"lazy\" decoding=\"async\" class=\"size-full wp-image-60984\" src=\"https:\/\/vocesparalelas.com.ar\/sitio\/wp-content\/uploads\/2023\/07\/CALINGASTA-PAISAJE-01.jpg\" alt=\"\" width=\"800\" height=\"600\" srcset=\"https:\/\/vocesparalelas.com.ar\/sitio\/wp-content\/uploads\/2023\/07\/CALINGASTA-PAISAJE-01.jpg 800w, https:\/\/vocesparalelas.com.ar\/sitio\/wp-content\/uploads\/2023\/07\/CALINGASTA-PAISAJE-01-300x225.jpg 300w, https:\/\/vocesparalelas.com.ar\/sitio\/wp-content\/uploads\/2023\/07\/CALINGASTA-PAISAJE-01-768x576.jpg 768w\" sizes=\"auto, (max-width: 800px) 100vw, 800px\" \/><figcaption id=\"caption-attachment-60984\" class=\"wp-caption-text\">RedTulum en Calingasta<\/figcaption><\/figure>\n<p>&nbsp;<\/p>\n<p>&nbsp;<\/p>\n","protected":false},"excerpt":{"rendered":"<p>Desde la Secretaria del Interior del Consejo Directivo Nacional Uni\u00f3n Tranviarios Automotor, queremos saludar a todos los miembros de las<\/p>\n","protected":false},"author":3,"featured_media":59582,"comment_status":"closed","ping_status":"closed","sticky":false,"template":"","format":"standard","meta":{"_acf_changed":false,"_seopress_robots_primary_cat":"none","_seopress_titles_title":"","_seopress_titles_desc":"","_seopress_robots_index":"","colormag_page_container_layout":"default_layout","colormag_page_sidebar_layout":"default_layout","footnotes":""},"categories":[1,7],"tags":[],"class_list":["post-71897","post","type-post","status-publish","format-standard","has-post-thumbnail","hentry","category-destacadas","category-videos"],"acf":[],"_links":{"self":[{"href":"https:\/\/vocesparalelas.com.ar\/sitio\/wp-json\/wp\/v2\/posts\/71897","targetHints":{"allow":["GET"]}}],"collection":[{"href":"https:\/\/vocesparalelas.com.ar\/sitio\/wp-json\/wp\/v2\/posts"}],"about":[{"href":"https:\/\/vocesparalelas.com.ar\/sitio\/wp-json\/wp\/v2\/types\/post"}],"author":[{"embeddable":true,"href":"https:\/\/vocesparalelas.com.ar\/sitio\/wp-json\/wp\/v2\/users\/3"}],"replies":[{"embeddable":true,"href":"https:\/\/vocesparalelas.com.ar\/sitio\/wp-json\/wp\/v2\/comments?post=71897"}],"version-history":[{"count":3,"href":"https:\/\/vocesparalelas.com.ar\/sitio\/wp-json\/wp\/v2\/posts\/71897\/revisions"}],"predecessor-version":[{"id":71902,"href":"https:\/\/vocesparalelas.com.ar\/sitio\/wp-json\/wp\/v2\/posts\/71897\/revisions\/71902"}],"wp:featuredmedia":[{"embeddable":true,"href":"https:\/\/vocesparalelas.com.ar\/sitio\/wp-json\/wp\/v2\/media\/59582"}],"wp:attachment":[{"href":"https:\/\/vocesparalelas.com.ar\/sitio\/wp-json\/wp\/v2\/media?parent=71897"}],"wp:term":[{"taxonomy":"category","embeddable":true,"href":"https:\/\/vocesparalelas.com.ar\/sitio\/wp-json\/wp\/v2\/categories?post=71897"},{"taxonomy":"post_tag","embeddable":true,"href":"https:\/\/vocesparalelas.com.ar\/sitio\/wp-json\/wp\/v2\/tags?post=71897"}],"curies":[{"name":"wp","href":"https:\/\/api.w.org\/{rel}","templated":true}]}}