{"id":71871,"date":"2024-04-30T21:06:26","date_gmt":"2024-05-01T00:06:26","guid":{"rendered":"https:\/\/vocesparalelas.com.ar\/sitio\/?p=71871"},"modified":"2024-04-30T21:26:36","modified_gmt":"2024-05-01T00:26:36","slug":"el-1-de-mayo-no-hay-servicio-de-transporte-de-pasajeros-por-el-dia-del-trabajador-en-san-juan","status":"publish","type":"post","link":"https:\/\/vocesparalelas.com.ar\/sitio\/el-1-de-mayo-no-hay-servicio-de-transporte-de-pasajeros-por-el-dia-del-trabajador-en-san-juan\/","title":{"rendered":"El 1 de Mayo no hay servicio de transporte de pasajeros por el D\u00eda del Trabajador en San Juan"},"content":{"rendered":"<p>El Ministerio de Gobierno de San Juan, a trav\u00e9s de la Coordinaci\u00f3n de RedTulum, informa a los usuarios que el Mi\u00e9rcoles, 1 de Mayo de 2024, no hay servicio de transporte p\u00fablico de pasajeros, por celebrarse el D\u00eda del Trabajador.<\/p>\n<p>Desde el Ministerio de Gobierno, Secretar\u00eda de Tr\u00e1nsito y Transporte y la Direcci\u00f3n de Coordinaci\u00f3n de RedTulum hacen extensivo el reconocimiento y agradecimiento a los trabajadores y trabajadoras que d\u00eda a d\u00eda apuestan a la provincia de San Juan.<\/p>\n<p><img loading=\"lazy\" decoding=\"async\" class=\"alignnone size-full wp-image-65642\" src=\"https:\/\/vocesparalelas.com.ar\/sitio\/wp-content\/uploads\/2023\/11\/GOBIERNO-SAN-JUAN.jpg\" alt=\"\" width=\"800\" height=\"600\" srcset=\"https:\/\/vocesparalelas.com.ar\/sitio\/wp-content\/uploads\/2023\/11\/GOBIERNO-SAN-JUAN.jpg 800w, https:\/\/vocesparalelas.com.ar\/sitio\/wp-content\/uploads\/2023\/11\/GOBIERNO-SAN-JUAN-300x225.jpg 300w, https:\/\/vocesparalelas.com.ar\/sitio\/wp-content\/uploads\/2023\/11\/GOBIERNO-SAN-JUAN-768x576.jpg 768w\" sizes=\"auto, (max-width: 800px) 100vw, 800px\" \/><\/p>\n<p>&nbsp;<\/p>\n","protected":false},"excerpt":{"rendered":"<p>El Ministerio de Gobierno de San Juan, a trav\u00e9s de la Coordinaci\u00f3n de RedTulum, informa a los usuarios que el<\/p>\n","protected":false},"author":3,"featured_media":48168,"comment_status":"closed","ping_status":"closed","sticky":false,"template":"","format":"standard","meta":{"_acf_changed":false,"_seopress_robots_primary_cat":"none","_seopress_titles_title":"","_seopress_titles_desc":"","_seopress_robots_index":"","colormag_page_container_layout":"default_layout","colormag_page_sidebar_layout":"default_layout","footnotes":""},"categories":[1],"tags":[],"class_list":["post-71871","post","type-post","status-publish","format-standard","has-post-thumbnail","hentry","category-destacadas"],"acf":[],"_links":{"self":[{"href":"https:\/\/vocesparalelas.com.ar\/sitio\/wp-json\/wp\/v2\/posts\/71871","targetHints":{"allow":["GET"]}}],"collection":[{"href":"https:\/\/vocesparalelas.com.ar\/sitio\/wp-json\/wp\/v2\/posts"}],"about":[{"href":"https:\/\/vocesparalelas.com.ar\/sitio\/wp-json\/wp\/v2\/types\/post"}],"author":[{"embeddable":true,"href":"https:\/\/vocesparalelas.com.ar\/sitio\/wp-json\/wp\/v2\/users\/3"}],"replies":[{"embeddable":true,"href":"https:\/\/vocesparalelas.com.ar\/sitio\/wp-json\/wp\/v2\/comments?post=71871"}],"version-history":[{"count":2,"href":"https:\/\/vocesparalelas.com.ar\/sitio\/wp-json\/wp\/v2\/posts\/71871\/revisions"}],"predecessor-version":[{"id":71875,"href":"https:\/\/vocesparalelas.com.ar\/sitio\/wp-json\/wp\/v2\/posts\/71871\/revisions\/71875"}],"wp:featuredmedia":[{"embeddable":true,"href":"https:\/\/vocesparalelas.com.ar\/sitio\/wp-json\/wp\/v2\/media\/48168"}],"wp:attachment":[{"href":"https:\/\/vocesparalelas.com.ar\/sitio\/wp-json\/wp\/v2\/media?parent=71871"}],"wp:term":[{"taxonomy":"category","embeddable":true,"href":"https:\/\/vocesparalelas.com.ar\/sitio\/wp-json\/wp\/v2\/categories?post=71871"},{"taxonomy":"post_tag","embeddable":true,"href":"https:\/\/vocesparalelas.com.ar\/sitio\/wp-json\/wp\/v2\/tags?post=71871"}],"curies":[{"name":"wp","href":"https:\/\/api.w.org\/{rel}","templated":true}]}}