{"id":71755,"date":"2024-04-27T13:57:50","date_gmt":"2024-04-27T16:57:50","guid":{"rendered":"https:\/\/vocesparalelas.com.ar\/sitio\/?p=71755"},"modified":"2024-04-30T00:42:55","modified_gmt":"2024-04-30T03:42:55","slug":"debemos-cuidar-la-educacion-y-la-universidad-publica-en-argentina","status":"publish","type":"post","link":"https:\/\/vocesparalelas.com.ar\/sitio\/debemos-cuidar-la-educacion-y-la-universidad-publica-en-argentina\/","title":{"rendered":"\u00abDebemos cuidar la Educaci\u00f3n y la Universidad P\u00fablica en Argentina\u00bb"},"content":{"rendered":"<p>Repudiamos profundamente que el secretario de Educaci\u00f3n, Carlos Torrendell, convalide en medios de comunicaci\u00f3n calificaciones infundadas sobre rectores y rectoras que, claramente, da\u00f1an no solo la honestidad de las personas sino, tambi\u00e9n, el prestigio de las instituciones que conducen.<\/p>\n<p>En lugar de buscar respuestas a un problema de financiamiento acuciante que las autoridades nacionales saben que es real y existe, pareciera perseguirse el objetivo de desinformar para confundir y desprestigiar nuestras instituciones para, as\u00ed, justificar su desfinanciamiento. Inclusive faltando a la verdad respecto al desconocimiento de docentes y no docentes universitarios, cuando tienen en su Secretar\u00eda todos lo meses nombres, cargos, dedicaciones e importes que cobran cada una de las personas que trabajan en las 61 universidades nacionales argentinas.<\/p>\n<p>Este Consejo, que, a pesar de todo, sostuvo a trav\u00e9s de la totalidad de sus integrantes posiciones respetuosas y razonables que intentan explicar el problema, tendr\u00e1 la vocaci\u00f3n de construir siempre los consensos que permitan resolverlos, pero sobre la base del respeto, el di\u00e1logo y el reconocimiento de la diversidad y la pluralidad de ideas, bases de la convivencia en una sociedad democr\u00e1tica.<\/p>\n<p>El mensaje de la sociedad argentina ha sido contundente. A lo largo y a lo ancho del pa\u00eds nos indic\u00f3 que debemos cuidar la educaci\u00f3n y la universidad p\u00fablica, constitutivas de la identidad nacional y herramientas que el pa\u00eds necesita para solucionar todos sus problemas estructurales. Aspiramos que desde esa Secretar\u00eda se act\u00fae con la responsabilidad, la madurez y la seriedad que ese mandato impone.<\/p>\n<p style=\"text-align: right;\">25 de abril de 2024<\/p>\n<p style=\"text-align: right;\">Consejo Interuniversitario Nacional (CIN)<\/p>\n<p>&nbsp;<\/p>\n<p style=\"text-align: right;\"><img loading=\"lazy\" decoding=\"async\" class=\"alignnone size-full wp-image-39977\" src=\"https:\/\/vocesparalelas.com.ar\/sitio\/wp-content\/uploads\/2021\/07\/CIN-LOGO-1.jpg\" alt=\"\" width=\"800\" height=\"493\" srcset=\"https:\/\/vocesparalelas.com.ar\/sitio\/wp-content\/uploads\/2021\/07\/CIN-LOGO-1.jpg 800w, https:\/\/vocesparalelas.com.ar\/sitio\/wp-content\/uploads\/2021\/07\/CIN-LOGO-1-300x185.jpg 300w, https:\/\/vocesparalelas.com.ar\/sitio\/wp-content\/uploads\/2021\/07\/CIN-LOGO-1-768x473.jpg 768w\" sizes=\"auto, (max-width: 800px) 100vw, 800px\" \/><\/p>\n","protected":false},"excerpt":{"rendered":"<p>Repudiamos profundamente que el secretario de Educaci\u00f3n, Carlos Torrendell, convalide en medios de comunicaci\u00f3n calificaciones infundadas sobre rectores y rectoras<\/p>\n","protected":false},"author":3,"featured_media":63327,"comment_status":"closed","ping_status":"closed","sticky":false,"template":"","format":"standard","meta":{"_acf_changed":false,"_seopress_robots_primary_cat":"none","_seopress_titles_title":"","_seopress_titles_desc":"","_seopress_robots_index":"","colormag_page_container_layout":"default_layout","colormag_page_sidebar_layout":"default_layout","footnotes":""},"categories":[10],"tags":[],"class_list":["post-71755","post","type-post","status-publish","format-standard","has-post-thumbnail","hentry","category-opiniones"],"acf":[],"_links":{"self":[{"href":"https:\/\/vocesparalelas.com.ar\/sitio\/wp-json\/wp\/v2\/posts\/71755","targetHints":{"allow":["GET"]}}],"collection":[{"href":"https:\/\/vocesparalelas.com.ar\/sitio\/wp-json\/wp\/v2\/posts"}],"about":[{"href":"https:\/\/vocesparalelas.com.ar\/sitio\/wp-json\/wp\/v2\/types\/post"}],"author":[{"embeddable":true,"href":"https:\/\/vocesparalelas.com.ar\/sitio\/wp-json\/wp\/v2\/users\/3"}],"replies":[{"embeddable":true,"href":"https:\/\/vocesparalelas.com.ar\/sitio\/wp-json\/wp\/v2\/comments?post=71755"}],"version-history":[{"count":1,"href":"https:\/\/vocesparalelas.com.ar\/sitio\/wp-json\/wp\/v2\/posts\/71755\/revisions"}],"predecessor-version":[{"id":71758,"href":"https:\/\/vocesparalelas.com.ar\/sitio\/wp-json\/wp\/v2\/posts\/71755\/revisions\/71758"}],"wp:featuredmedia":[{"embeddable":true,"href":"https:\/\/vocesparalelas.com.ar\/sitio\/wp-json\/wp\/v2\/media\/63327"}],"wp:attachment":[{"href":"https:\/\/vocesparalelas.com.ar\/sitio\/wp-json\/wp\/v2\/media?parent=71755"}],"wp:term":[{"taxonomy":"category","embeddable":true,"href":"https:\/\/vocesparalelas.com.ar\/sitio\/wp-json\/wp\/v2\/categories?post=71755"},{"taxonomy":"post_tag","embeddable":true,"href":"https:\/\/vocesparalelas.com.ar\/sitio\/wp-json\/wp\/v2\/tags?post=71755"}],"curies":[{"name":"wp","href":"https:\/\/api.w.org\/{rel}","templated":true}]}}