{"id":71751,"date":"2024-04-27T13:03:33","date_gmt":"2024-04-27T16:03:33","guid":{"rendered":"https:\/\/vocesparalelas.com.ar\/sitio\/?p=71751"},"modified":"2024-04-30T00:43:21","modified_gmt":"2024-04-30T03:43:21","slug":"las-voces-hacia-una-resolucion-urgente-y-favorable-de-la-crisis-universitaria-en-argentina","status":"publish","type":"post","link":"https:\/\/vocesparalelas.com.ar\/sitio\/las-voces-hacia-una-resolucion-urgente-y-favorable-de-la-crisis-universitaria-en-argentina\/","title":{"rendered":"Las voces hacia una resoluci\u00f3n urgente y favorable de la crisis universitaria en Argentina"},"content":{"rendered":"<p>El Frente Sindical de Universidades Nacionales realiz\u00f3 un encuentro virtual para evaluar de manera conjunta la Marcha Nacional Universitaria del pasado 23 de abril y delinear un plan de acci\u00f3n gremial que encauce esa voluntad ciudadana hacia una resoluci\u00f3n urgente y favorable de la crisis universitaria.<\/p>\n<p>En la reuni\u00f3n se destac\u00f3 el car\u00e1cter masivo y federal de la movilizaci\u00f3n, que demuestra el profundo arraigo y sentido de pertenencia que tiene la universidad p\u00fablica como parte de un modelo de sociedad que sigue teniendo como horizonte la igualdad de oportunidades y la justicia social.<\/p>\n<p>Asimismo, el Frente Sindical informa que En el d\u00eda de la fecha -26\/04- solicitamos, con urgencia, una audiencia a la Ministra Petovello con el fin de que el Gobierno Nacional presente una propuesta para sacar a la Universidad P\u00fablica de la crisis provocada por sus pol\u00edticas, atendiendo particularmente a la situaci\u00f3n salarial de 170 mil docentes y 50 mil no docentes que llevamos perdido 50 puntos frente a la inflaci\u00f3n.<\/p>\n<p>De no haber una propuesta concreta de recomposici\u00f3n salarial, el Frente Sindical profundizar\u00e1 el plan de lucha en las Universidades, en continuidad con las medidas anunciadas por la CGT el 1 y 9 de mayo pr\u00f3ximos.<\/p>\n<p>El apoyo a la Universidad P\u00fablica por parte de una inmensa mayor\u00eda dio una se\u00f1al clara al Gobierno Nacional de que debe revertir la situaci\u00f3n universitaria provocada por sus pol\u00edticas de desmantelamiento de la estructura estatal vinculada al acceso de derechos. La p\u00e9rdida salarial del orden del 50% de las trabajadoras y trabajadores de las universidades nacionales es inadmisible y se entronca con la p\u00e9rdida salarial de la clase trabajadora en su conjunto. Nos solidarizamos con quienes han sufrido despidos y exigimos su urgente reincorporaci\u00f3n.<\/p>\n<p>El Frente Sindical de Universidades Nacionales lamenta que muchos diputados y diputadas nacionales que marcharon el 23 en defensa de la universidad, hayan dado las espaldas a nuestros reclamos y no hayan dado quorum en la sesi\u00f3n del 24 para tratar varios proyectos que hubieran significado soluciones concretas a la crisis de la universidad.<\/p>\n<p>En el mismo sentido, hacemos un llamamiento a legisladoras y legisladores a que rechacen la llamada Ley Bases en tanto contempla delegar facultades legislativas al Poder Ejecutivo y plantea un retroceso en materia de derechos fundamentales del mundo del trabajo y de la educaci\u00f3n y el DNU 70\/24.<\/p>\n<p>Finalmente, el Frente Sindical de Universidades Nacionales convoca a movilizar en unidad en todo el pa\u00eds el 1 de Mayo el d\u00eda de las trabajadoras y los trabajadores- y a fortalecer el Paro General del 9 de Mayo. Defendamos la universidad p\u00fablica, gratuita, laica y de calidad.<\/p>\n<p><span style=\"color: #0000ff;\"><strong>Firman<\/strong><\/span><\/p>\n<ul>\n<li>CONADUH<\/li>\n<li>conadu<\/li>\n<li>FEDUN<\/li>\n<li>CTERA<\/li>\n<li>FAGDUT<\/li>\n<li>UDA<\/li>\n<li>CTA Aut\u00f3noma<\/li>\n<li>CGT<\/li>\n<li>CTA Central de Trabajadores de Argentina<\/li>\n<\/ul>\n","protected":false},"excerpt":{"rendered":"<p>El Frente Sindical de Universidades Nacionales realiz\u00f3 un encuentro virtual para evaluar de manera conjunta la Marcha Nacional Universitaria del<\/p>\n","protected":false},"author":3,"featured_media":71607,"comment_status":"closed","ping_status":"closed","sticky":false,"template":"","format":"standard","meta":{"_acf_changed":false,"_seopress_robots_primary_cat":"none","_seopress_titles_title":"","_seopress_titles_desc":"","_seopress_robots_index":"","colormag_page_container_layout":"default_layout","colormag_page_sidebar_layout":"default_layout","footnotes":""},"categories":[10],"tags":[],"class_list":["post-71751","post","type-post","status-publish","format-standard","has-post-thumbnail","hentry","category-opiniones"],"acf":[],"_links":{"self":[{"href":"https:\/\/vocesparalelas.com.ar\/sitio\/wp-json\/wp\/v2\/posts\/71751","targetHints":{"allow":["GET"]}}],"collection":[{"href":"https:\/\/vocesparalelas.com.ar\/sitio\/wp-json\/wp\/v2\/posts"}],"about":[{"href":"https:\/\/vocesparalelas.com.ar\/sitio\/wp-json\/wp\/v2\/types\/post"}],"author":[{"embeddable":true,"href":"https:\/\/vocesparalelas.com.ar\/sitio\/wp-json\/wp\/v2\/users\/3"}],"replies":[{"embeddable":true,"href":"https:\/\/vocesparalelas.com.ar\/sitio\/wp-json\/wp\/v2\/comments?post=71751"}],"version-history":[{"count":1,"href":"https:\/\/vocesparalelas.com.ar\/sitio\/wp-json\/wp\/v2\/posts\/71751\/revisions"}],"predecessor-version":[{"id":71754,"href":"https:\/\/vocesparalelas.com.ar\/sitio\/wp-json\/wp\/v2\/posts\/71751\/revisions\/71754"}],"wp:featuredmedia":[{"embeddable":true,"href":"https:\/\/vocesparalelas.com.ar\/sitio\/wp-json\/wp\/v2\/media\/71607"}],"wp:attachment":[{"href":"https:\/\/vocesparalelas.com.ar\/sitio\/wp-json\/wp\/v2\/media?parent=71751"}],"wp:term":[{"taxonomy":"category","embeddable":true,"href":"https:\/\/vocesparalelas.com.ar\/sitio\/wp-json\/wp\/v2\/categories?post=71751"},{"taxonomy":"post_tag","embeddable":true,"href":"https:\/\/vocesparalelas.com.ar\/sitio\/wp-json\/wp\/v2\/tags?post=71751"}],"curies":[{"name":"wp","href":"https:\/\/api.w.org\/{rel}","templated":true}]}}