{"id":71712,"date":"2024-04-26T10:12:33","date_gmt":"2024-04-26T13:12:33","guid":{"rendered":"https:\/\/vocesparalelas.com.ar\/sitio\/?p=71712"},"modified":"2024-04-27T14:06:23","modified_gmt":"2024-04-27T17:06:23","slug":"la-intrigante-batalla-por-el-castillo-de-itter-cuando-aliados-y-alemanes-lucharon-en-el-mismo-bando-en-contra-de-las-ss-alemanas","status":"publish","type":"post","link":"https:\/\/vocesparalelas.com.ar\/sitio\/la-intrigante-batalla-por-el-castillo-de-itter-cuando-aliados-y-alemanes-lucharon-en-el-mismo-bando-en-contra-de-las-ss-alemanas\/","title":{"rendered":"La intrigante batalla por el Castillo de Itter \u201cCuando Aliados y alemanes lucharon en el mismo bando, en contra de las SS Alemanas\u201d"},"content":{"rendered":"<p>Fue uno de los m\u00e1s extra\u00f1os y no tan difundidos episodios de la Segunda Guerra Mundial.<\/p>\n<p>Por el\u00a0Lic. Prof. Fernando A. Ocampo Bravo<\/p>\n<p>Las SS se establecieron en 1925 como guardia personal del l\u00edder nacionalsocialista Adolf Hitler, su guardia pretoriana personal. Bajo el mandato de Heinrich Himmler entre 1929 y 1945, las SS pasaron de ser una peque\u00f1a milicia a convertirse en una de las m\u00e1s grandes y poderosas organizaciones paramilitares estatales dentro del Tercer Reich. Las SS ingresaron a la villa austr\u00edaca de Itter, en el Tirol, donde tuvo lugar una de las batallas m\u00e1s extra\u00f1as de toda la Segunda Guerra Mundial.<\/p>\n<p>Se libr\u00f3 el d\u00eda 5 de mayo de 1945, justo cinco d\u00edas despu\u00e9s de que Hitler se suicidase en su bunker berlin\u00e9s, y dos d\u00edas antes de que el Alto Mando Alem\u00e1n se rindiera incondicionalmente en Reims, Francia (no obstante, algunos restos del Ej\u00e9rcito Centro Alem\u00e1n seguir\u00edan resistiendo hasta el 11 y el 12 mayo).<\/p>\n<p>En una colina cerca de Itter se encontraba el castillo medieval del mismo nombre. Y ser\u00eda en la defensa de este castillo donde por primera (y probablemente \u00fanica) vez en su historia el ej\u00e9rcito de los Estados Unidos se encontr\u00f3 defendiendo un castillo medieval. No s\u00f3lo eso. Para ello cont\u00f3 con la ayuda de prisioneros franceses, miembros de la resistencia austr\u00edaca y lo que es m\u00e1s extra\u00f1o, de soldados alemanes de la Wehrmacht.<\/p>\n<p>Por el lado norteamericano participaron el 23 Batall\u00f3n Blindado de la 12\u00aa Divisi\u00f3n bajo el mando del teniente John C. Lee Jr. Los 14 prisioneros eran personalidades, pol\u00edticos, miembros de la resistencia, sindicalistas e incluso deportistas, encarcelados all\u00ed por los nazis tras la invasi\u00f3n de Francia. Estaban los antiguos primeros ministros Edouard Daladier y Paul Reynaud, la hermana mayor de Charles de Gaulle, y el jugador de tenis Jean Borotra, entre otros. En su ayuda se sumaron soldados antinazis del ej\u00e9rcito alem\u00e1n (quienes posiblemente viendo lo que se avecinaba, decidieron cambiar de bando).<\/p>\n<p>\u00bf<em><u>Contra qui\u00e9n luchaban entonces<\/u><\/em>? Pues nada menos que contra la 17\u00aa Divisi\u00f3n de Granaderos Panzer de las Waffen-SS. El desarrollo de los acontecimientos parece sacado de una pel\u00edcula de Hollywood.<\/p>\n<p>Todo comenz\u00f3 el 2 de mayo, cuando se suicida en el castillo el \u00faltimo comandante de Dachau, Eduard Weiter. Al d\u00eda siguiente Zvonimir Cuckovic, uno de los prisioneros en el castillo, miembro de la resistencia comunista yugoslava, consigue escaparse con la pretensi\u00f3n de portar un mensaje del comandante de la prisi\u00f3n (probablemente as\u00ed fuera en realidad). Con el llevaba una carta escrita en ingl\u00e9s que deb\u00eda entregar al primer americano que encontrase. Se dirige hacia Innsbruck, que est\u00e1 a unos 64 kil\u00f3metros. Esa misma tarde alcanza las afueras de la ciudad donde se encuentra con la avanzadilla de la 103\u00aa Divisi\u00f3n de Infanter\u00eda norteamericana, y les informa de la existencia del castillo y los prisioneros.<\/p>\n<p>El 4 de mayo y viendo que Cuckovic no regresa, el comandante de la prisi\u00f3n Sebastian Wimmer abandona el castillo seguido de sus hombres de las SS. Los prisioneros toman el control y las armas dejadas por los nazis. El prisionero checo Andreas Krobot consigue llegar hasta la cercana localidad de W\u00f6rgl, recientemente abandonada por la Wehrmacht pero reocupada por las SS, y contacta con la resistencia austr\u00edaca. Le llevan a ver al mayor Josef Gangl, comandante de lo que queda de una unidad de la Wehrmacht que, desobedeciendo las \u00f3rdenes de retirada, se ha unido a la resistencia.<\/p>\n<p>Gangl y sus hombres se dedican a defender a los austr\u00edacos de las represalias de las SS, calle por calle. Adem\u00e1s consigue llegar hasta la peque\u00f1a unidad de 4 tanques Sherman, del 23 Batall\u00f3n Blindado comandado por el capit\u00e1n Lee que se halla en Kufstein, unos 13 kil\u00f3metros al norte, con una gran bandera blanca en busca de ayuda.<\/p>\n<p>Lee obtiene el permiso del cuartel general para acudir en misi\u00f3n de rescate en ayuda de Gangl. Lo hace con solo 14 hombres y un tanque que se suman a Gangl y sus diez soldados de artiller\u00eda alemanes. A mitad de camino se enfrentan a un grupo de tropas de las SS y las derrotan.<\/p>\n<p>Una vez en el castillo encuentran que los franceses han organizado la defensa liderados por un oficial de las Waffen-SS que se ha quedado para ayudarles. Lee coloca su tanque Besotten Jenny bloqueando la entrada principal, y a sus hombres en posiciones defensivas. A pesar de que ordena a los prisioneros franceses ocultarse, estos se suman a la defensa. En la ma\u00f1ana del 5 de mayo llega el ataque de las Waffen-SS con una fuerza de entre 100 y 150 hombres (la defensa consist\u00eda en 25 soldados m\u00e1s los prisioneros franceses).<\/p>\n<p>Al llegar la tarde las cosas no iban demasiado bien para los defensores, que hab\u00edan visto como las SS destru\u00edan el tanque. Por fortuna para las 4 de la tarde llegaron los refuerzos del 142\u00ba Regimiento de Infanter\u00eda, que consigui\u00f3 reducir a los atancantes y hacer m\u00e1s de 100 prisioneros nazis.<\/p>\n<p>Gangl muri\u00f3 durante el combate alcanzado por un francotirador. Fue nombrado h\u00e9roe nacional en Austria e incluso le dedicaron una calle en W\u00f6rgl.<\/p>\n<p>Al comienzo, esta batalla est\u00e1 considerada la m\u00e1s extra\u00f1a de toda la Segunda Guerra Mundial, ya que es la \u00fanica en que soldados aliados y alemanes lucharon juntos contra un enemigo com\u00fan. Quiz\u00e1 fue la inspiraci\u00f3n para la famosa pel\u00edcula La Fortaleza dirigida en 1969 por Sydney Pollack. No todas las facciones en una guerra son buenas o malas, solo defienden sus convicciones internas \u00f3 la historia los dejo en ese momento crucial, el de ser, seres humanos al fin de cuentas y luchar por ello, por un bien com\u00fan. Las SS fueron derrotadas.<\/p>\n<p>&nbsp;<\/p>\n<p>&nbsp;<\/p>\n","protected":false},"excerpt":{"rendered":"<p>Fue uno de los m\u00e1s extra\u00f1os y no tan difundidos episodios de la Segunda Guerra Mundial. Por el\u00a0Lic. Prof. Fernando<\/p>\n","protected":false},"author":3,"featured_media":71715,"comment_status":"closed","ping_status":"closed","sticky":false,"template":"","format":"standard","meta":{"_acf_changed":false,"_seopress_robots_primary_cat":"none","_seopress_titles_title":"","_seopress_titles_desc":"","_seopress_robots_index":"","colormag_page_container_layout":"default_layout","colormag_page_sidebar_layout":"default_layout","footnotes":""},"categories":[10],"tags":[],"class_list":["post-71712","post","type-post","status-publish","format-standard","has-post-thumbnail","hentry","category-opiniones"],"acf":[],"_links":{"self":[{"href":"https:\/\/vocesparalelas.com.ar\/sitio\/wp-json\/wp\/v2\/posts\/71712","targetHints":{"allow":["GET"]}}],"collection":[{"href":"https:\/\/vocesparalelas.com.ar\/sitio\/wp-json\/wp\/v2\/posts"}],"about":[{"href":"https:\/\/vocesparalelas.com.ar\/sitio\/wp-json\/wp\/v2\/types\/post"}],"author":[{"embeddable":true,"href":"https:\/\/vocesparalelas.com.ar\/sitio\/wp-json\/wp\/v2\/users\/3"}],"replies":[{"embeddable":true,"href":"https:\/\/vocesparalelas.com.ar\/sitio\/wp-json\/wp\/v2\/comments?post=71712"}],"version-history":[{"count":1,"href":"https:\/\/vocesparalelas.com.ar\/sitio\/wp-json\/wp\/v2\/posts\/71712\/revisions"}],"predecessor-version":[{"id":71716,"href":"https:\/\/vocesparalelas.com.ar\/sitio\/wp-json\/wp\/v2\/posts\/71712\/revisions\/71716"}],"wp:featuredmedia":[{"embeddable":true,"href":"https:\/\/vocesparalelas.com.ar\/sitio\/wp-json\/wp\/v2\/media\/71715"}],"wp:attachment":[{"href":"https:\/\/vocesparalelas.com.ar\/sitio\/wp-json\/wp\/v2\/media?parent=71712"}],"wp:term":[{"taxonomy":"category","embeddable":true,"href":"https:\/\/vocesparalelas.com.ar\/sitio\/wp-json\/wp\/v2\/categories?post=71712"},{"taxonomy":"post_tag","embeddable":true,"href":"https:\/\/vocesparalelas.com.ar\/sitio\/wp-json\/wp\/v2\/tags?post=71712"}],"curies":[{"name":"wp","href":"https:\/\/api.w.org\/{rel}","templated":true}]}}