{"id":71643,"date":"2024-04-24T20:13:34","date_gmt":"2024-04-24T23:13:34","guid":{"rendered":"https:\/\/vocesparalelas.com.ar\/sitio\/?p=71643"},"modified":"2024-04-25T00:13:51","modified_gmt":"2024-04-25T03:13:51","slug":"certificacion-de-norma-iso-9001-2015-para-la-camara-de-diputados-de-san-juan","status":"publish","type":"post","link":"https:\/\/vocesparalelas.com.ar\/sitio\/certificacion-de-norma-iso-9001-2015-para-la-camara-de-diputados-de-san-juan\/","title":{"rendered":"Certificaci\u00f3n de norma ISO 9001 \u2013 2015 para la C\u00e1mara de Diputados de San Juan"},"content":{"rendered":"<p>En el marco de una auditor\u00eda llevada a cabo durante varios d\u00edas en el seno de las distintas \u00e1reas que conforman la estructura de la C\u00e1mara de Diputados de San Juan, durante el mediod\u00eda de hoy, el auditor responsable del organismo resolvi\u00f3 revalidar la certificaci\u00f3n en los procesos de la norma ISO 9001 \u2013 2015.<\/p>\n<p>Ello fue anunciado en el marco de una reuni\u00f3n cumplida en la sala de reuniones del segundo piso del edificio Anexo, de la que participaron los secretarios Legislativo, Dr. Gustavo Velert y Administrativo, CPN Jorge Fern\u00e1ndez y los directores y\/o responsables de las diferentes dependencias que componen el Poder Legislativo.<\/p>\n<p>En la ocasi\u00f3n, el auditor Dar\u00edo L\u00f3pez Hermosi ofreci\u00f3 un pormenorizado informe acerca del alcance de la auditor\u00eda, como tambi\u00e9n hizo hincapi\u00e9 en las fortalezas detectadas, dio cuenta de las oportunidades.<\/p>\n<p><img loading=\"lazy\" decoding=\"async\" class=\"alignnone size-full wp-image-71646\" src=\"https:\/\/vocesparalelas.com.ar\/sitio\/wp-content\/uploads\/2024\/04\/CDSJ-ISO.jpg\" alt=\"\" width=\"800\" height=\"450\" srcset=\"https:\/\/vocesparalelas.com.ar\/sitio\/wp-content\/uploads\/2024\/04\/CDSJ-ISO.jpg 800w, https:\/\/vocesparalelas.com.ar\/sitio\/wp-content\/uploads\/2024\/04\/CDSJ-ISO-300x169.jpg 300w, https:\/\/vocesparalelas.com.ar\/sitio\/wp-content\/uploads\/2024\/04\/CDSJ-ISO-768x432.jpg 768w\" sizes=\"auto, (max-width: 800px) 100vw, 800px\" \/><\/p>\n<p>Destac\u00f3 como hecho saliente el compromiso de las autoridades en mantener la continuidad de las certificaciones y lo calific\u00f3 como una pol\u00edtica de Estado en materia de planificaci\u00f3n y control de procesos y al mismo tiempo valor\u00f3 las competencias del personal legislativo que est\u00e1 traducido entre otros aspectos en el trabajo en equipo y la motivaci\u00f3n del personal.<\/p>\n<p>Indic\u00f3 como otra fortaleza la publicaci\u00f3n de libros que alcanzaba la trazabilidad en el proceso a trav\u00e9s del seguimiento del expediente y las mejoras de gesti\u00f3n en el tiempo en Despacho Legislativo como meta cuantificable.<\/p>\n<p>Enfatiz\u00f3 su satisfacci\u00f3n -finalmente el auditor \u2013 con el hecho que no hab\u00edan sido detectadas No Conformidades en los distintos procesos de las distintas \u00e1reas legislativas.<\/p>\n<p>A su turno, el secretario Administrativo, Jorge Fern\u00e1ndez, agradeci\u00f3 la labor del auditor y al dirigirse a los responsables legislativos de \u00e1reas los felicit\u00f3 y los inst\u00f3 a continuar con el mantenimiento de estos objetivos.<\/p>\n<p>Por \u00faltimo, el secretario Legislativo, Gustavo Velert, consign\u00f3 que por pertenecer a esta casa, conoc\u00eda a fondo el desempe\u00f1o de las distintas \u00e1reas, ahora m\u00e1s a fondo con la funci\u00f3n que est\u00e1 desempe\u00f1ando y que esta performance del cumplimiento de certificaci\u00f3n de normas ISO-9001 por parte del personal hab\u00eda permitido detectar algunos liderazgos naturales en distintas \u00e1reas.<\/p>\n<p>&nbsp;<\/p>\n<p>&nbsp;<\/p>\n","protected":false},"excerpt":{"rendered":"<p>En el marco de una auditor\u00eda llevada a cabo durante varios d\u00edas en el seno de las distintas \u00e1reas que<\/p>\n","protected":false},"author":3,"featured_media":37951,"comment_status":"closed","ping_status":"closed","sticky":false,"template":"","format":"standard","meta":{"_acf_changed":false,"_seopress_robots_primary_cat":"none","_seopress_titles_title":"","_seopress_titles_desc":"","_seopress_robots_index":"","colormag_page_container_layout":"default_layout","colormag_page_sidebar_layout":"default_layout","footnotes":""},"categories":[1],"tags":[],"class_list":["post-71643","post","type-post","status-publish","format-standard","has-post-thumbnail","hentry","category-destacadas"],"acf":[],"_links":{"self":[{"href":"https:\/\/vocesparalelas.com.ar\/sitio\/wp-json\/wp\/v2\/posts\/71643","targetHints":{"allow":["GET"]}}],"collection":[{"href":"https:\/\/vocesparalelas.com.ar\/sitio\/wp-json\/wp\/v2\/posts"}],"about":[{"href":"https:\/\/vocesparalelas.com.ar\/sitio\/wp-json\/wp\/v2\/types\/post"}],"author":[{"embeddable":true,"href":"https:\/\/vocesparalelas.com.ar\/sitio\/wp-json\/wp\/v2\/users\/3"}],"replies":[{"embeddable":true,"href":"https:\/\/vocesparalelas.com.ar\/sitio\/wp-json\/wp\/v2\/comments?post=71643"}],"version-history":[{"count":1,"href":"https:\/\/vocesparalelas.com.ar\/sitio\/wp-json\/wp\/v2\/posts\/71643\/revisions"}],"predecessor-version":[{"id":71647,"href":"https:\/\/vocesparalelas.com.ar\/sitio\/wp-json\/wp\/v2\/posts\/71643\/revisions\/71647"}],"wp:featuredmedia":[{"embeddable":true,"href":"https:\/\/vocesparalelas.com.ar\/sitio\/wp-json\/wp\/v2\/media\/37951"}],"wp:attachment":[{"href":"https:\/\/vocesparalelas.com.ar\/sitio\/wp-json\/wp\/v2\/media?parent=71643"}],"wp:term":[{"taxonomy":"category","embeddable":true,"href":"https:\/\/vocesparalelas.com.ar\/sitio\/wp-json\/wp\/v2\/categories?post=71643"},{"taxonomy":"post_tag","embeddable":true,"href":"https:\/\/vocesparalelas.com.ar\/sitio\/wp-json\/wp\/v2\/tags?post=71643"}],"curies":[{"name":"wp","href":"https:\/\/api.w.org\/{rel}","templated":true}]}}