{"id":71630,"date":"2024-04-24T22:45:34","date_gmt":"2024-04-25T01:45:34","guid":{"rendered":"https:\/\/vocesparalelas.com.ar\/sitio\/?p=71630"},"modified":"2024-04-25T01:41:43","modified_gmt":"2024-04-25T04:41:43","slug":"encuentro-binacional-agua-negra-territorio-solidario-y-tecnologico-en-chile","status":"publish","type":"post","link":"https:\/\/vocesparalelas.com.ar\/sitio\/encuentro-binacional-agua-negra-territorio-solidario-y-tecnologico-en-chile\/","title":{"rendered":"Encuentro Binacional Agua Negra: Territorio Solidario y Tecnol\u00f3gico en Chile"},"content":{"rendered":"<p>El gobernador de San Juan, Rep\u00fablica Argentina, Dr. Marcelo Orrego se encuentra en la Rep\u00fablica de Chile, realizando la primera visita oficial como tal y participando del Encuentro Binacional Agua Negra: Territorio Solidario y Tecnol\u00f3gico.<\/p>\n<p>Durante esta jornada, las actividades siguieron en el marco del Encuentro Binacional Agua Negra: Territorio Solidario y Tecnol\u00f3gico, que se lleva a cabo en la Rep\u00fablica de Chile.<\/p>\n<p>El Dr. Marcelo Orrego inici\u00f3 las actividades, el Martes, 23 de Abril, cuando estuvo presente en la sesi\u00f3n ordinaria N\u00b0 822 del Consejo Regional, y se reuni\u00f3 con la gobernadora Regional de Coquimbo, Krist Naranjo y el delegado Presidencial de la Regi\u00f3n de Coquimbo, Galo Luna Penna.<\/p>\n<p>Mientras que, el Mi\u00e9rcoles, 24 de Abril, se reuni\u00f3 con la rectora de la Universidad de La Serena, Dra. Luperfina L\u00f3pez Escobar, acompa\u00f1ado por el delegado Galo Luna Penna y el alcalde de Vicu\u00f1a, Rafael Vera Castillo, y la ministra de Gobierno de San Juan, Dra. Laura Palma.<\/p>\n<p>En este contexto, la rectora de la Universidad de La Serena, Dra. Luperfina L\u00f3pez Escobar manifest\u00f3 que \u201cojal\u00e1 el T\u00fanel de Agua Negra se concrete y podamos integrarnos para fortalecer los lazos y trabajar en forma conjunta\u201d.<\/p>\n<p>Por su parte, el gobernador de San Juan, Dr. Marcelo Orrego resalt\u00f3 que \u00absabemos que el Corredor Bioce\u00e1nico significa oportunidades, a partir de Porto Alegre, de la Rep\u00fablica Brasil, pasar por la regi\u00f3n del Litoral de la Rep\u00fablica Argentina, despu\u00e9s por la regi\u00f3n centro de la Argentina, terminar en una parte de Cuyo, llegar a San Juan y Coquimbo, que es esa salida al Oc\u00e9ano Pac\u00edfico. Los l\u00edmites que tenemos, evidentemente el Atl\u00e1ntico con el Pac\u00edfico, lo dem\u00e1s lo tenemos que ir sorteando, no solo desde el punto de vista comercial, donde hay tr\u00e1fico, mejores servicios, oportunidades para la gente desarrollar cualquier tipo de rubro. Pero adem\u00e1s, es la base de la identidad, nuestra cultura. Con Chile nos unen los afectos, el cari\u00f1o, el respeto\u201d.<\/p>\n<p>Durante esta reuni\u00f3n se firm\u00f3 un acta acuerdo entre la Universidad de La Serena y el Gobierno de San Juan de colaboraci\u00f3n t\u00e9cnico-cient\u00edfica, para generar \u00e1reas de investigaci\u00f3n cient\u00edfica y tecnol\u00f3gica entre ambas regiones.<\/p>\n<p><img loading=\"lazy\" decoding=\"async\" class=\"alignnone size-full wp-image-71635\" src=\"https:\/\/vocesparalelas.com.ar\/sitio\/wp-content\/uploads\/2024\/04\/CHILE-ORREGO-03.jpg\" alt=\"\" width=\"800\" height=\"600\" srcset=\"https:\/\/vocesparalelas.com.ar\/sitio\/wp-content\/uploads\/2024\/04\/CHILE-ORREGO-03.jpg 800w, https:\/\/vocesparalelas.com.ar\/sitio\/wp-content\/uploads\/2024\/04\/CHILE-ORREGO-03-300x225.jpg 300w, https:\/\/vocesparalelas.com.ar\/sitio\/wp-content\/uploads\/2024\/04\/CHILE-ORREGO-03-768x576.jpg 768w\" sizes=\"auto, (max-width: 800px) 100vw, 800px\" \/><\/p>\n<p>M\u00e1s tarde dio su discurso durante la actividad central del Encuentro Binacional Agua Negra: Territorio Solidario y Tecnol\u00f3gico.<\/p>\n<figure id=\"attachment_71633\" aria-describedby=\"caption-attachment-71633\" style=\"width: 800px\" class=\"wp-caption alignnone\"><img loading=\"lazy\" decoding=\"async\" class=\"size-full wp-image-71633\" src=\"https:\/\/vocesparalelas.com.ar\/sitio\/wp-content\/uploads\/2024\/04\/CHILE-ORREGO-01.jpg\" alt=\"\" width=\"800\" height=\"501\" srcset=\"https:\/\/vocesparalelas.com.ar\/sitio\/wp-content\/uploads\/2024\/04\/CHILE-ORREGO-01.jpg 800w, https:\/\/vocesparalelas.com.ar\/sitio\/wp-content\/uploads\/2024\/04\/CHILE-ORREGO-01-300x188.jpg 300w, https:\/\/vocesparalelas.com.ar\/sitio\/wp-content\/uploads\/2024\/04\/CHILE-ORREGO-01-768x481.jpg 768w\" sizes=\"auto, (max-width: 800px) 100vw, 800px\" \/><figcaption id=\"caption-attachment-71633\" class=\"wp-caption-text\">Gobernador de San Juan, Rep\u00fablica Argentina, Dr. Marcelo Orrego<\/figcaption><\/figure>\n<p>\u201cAmbos pa\u00edses tenemos muchos temas en com\u00fan. S\u00e9 que est\u00e1 sucediendo hoy, en la regi\u00f3n, es la peor crisis h\u00eddrica de la historia. En San Juan, nos pasa exactamente lo mismo. Tenemos una demanda de 1200 hect\u00f3metros de terreno, y nosotros tenemos una demanda de 1200 hect\u00f3metros de terreno. Y hay que tener en cuenta que la econom\u00eda est\u00e1 en crisis. Hoy nos encontramos con un problema que tenemos que resolver a corto plazo\u00bb.<\/p>\n<p>\u00abEn cuanto al Paso de Agua Negra considero que es un paso donde haya m\u00e1s oportunidades. S\u00e9 que estamos trabajando en esta primera parte. Lo que podr\u00eda ser la pavimentaci\u00f3n. Nosotros tenemos 55 kil\u00f3metros de pavimento consolidado, 33 son los que nos faltan. Por supuesto, en eso tiene competencia la Naci\u00f3n. No vamos a dejar gestionar ante el presidente o a quien sea porque en esto hay una lucha, donde yo, por lo menos, no la quiero abandonar nunca\u201d.<\/p>\n<p>\u00abTenemos que estar trabajando codo a codo porque en definitiva la uni\u00f3n hace la fuerza y somos parte de esta misma lucha\u201d &#8211; invit\u00f3 el Gobernador de San Juan, Dr. Marcelo Orrego.<\/p>\n<p>Luego, la jornada continu\u00f3 con actividades en el marco del encuentro binacional, y con una agenda que brinda oportunidades para el desarrollo econ\u00f3mico y social de ambas regiones.<\/p>\n<p>Este viaje que tiene como objetivo retomar los lazos de unidad e integraci\u00f3n entre la Regi\u00f3n de Coquimbo y la Provincia de San Juan, en el que el foco est\u00e1 puesto en la necesidad de reactivar el Entidad Binacional T\u00fanel Agua Negra &#8211; EBITAN &#8211; y acordar acciones para fortalecer el Corredor Bioce\u00e1nico Central.<\/p>\n<p>El gobernador est\u00e1 presente adem\u00e1s, en la cumbre internacional de ONU H\u00e1bitat y la Cumbre Internacional de H\u00e1bitat de Am\u00e9rica Latina y el Caribe &#8211; CIHALC &#8211; en Vicu\u00f1a.<\/p>\n<p><img loading=\"lazy\" decoding=\"async\" class=\"alignnone size-full wp-image-33292\" src=\"https:\/\/vocesparalelas.com.ar\/sitio\/wp-content\/uploads\/2020\/12\/CHILE-ARGENTINA-MANOS.jpg\" alt=\"\" width=\"800\" height=\"514\" srcset=\"https:\/\/vocesparalelas.com.ar\/sitio\/wp-content\/uploads\/2020\/12\/CHILE-ARGENTINA-MANOS.jpg 800w, https:\/\/vocesparalelas.com.ar\/sitio\/wp-content\/uploads\/2020\/12\/CHILE-ARGENTINA-MANOS-300x193.jpg 300w, https:\/\/vocesparalelas.com.ar\/sitio\/wp-content\/uploads\/2020\/12\/CHILE-ARGENTINA-MANOS-768x493.jpg 768w\" sizes=\"auto, (max-width: 800px) 100vw, 800px\" \/><\/p>\n<p>&nbsp;<\/p>\n","protected":false},"excerpt":{"rendered":"<p>El gobernador de San Juan, Rep\u00fablica Argentina, Dr. Marcelo Orrego se encuentra en la Rep\u00fablica de Chile, realizando la primera<\/p>\n","protected":false},"author":3,"featured_media":71634,"comment_status":"closed","ping_status":"closed","sticky":false,"template":"","format":"standard","meta":{"_acf_changed":false,"_seopress_robots_primary_cat":"none","_seopress_titles_title":"","_seopress_titles_desc":"","_seopress_robots_index":"","colormag_page_container_layout":"default_layout","colormag_page_sidebar_layout":"default_layout","footnotes":""},"categories":[1],"tags":[],"class_list":["post-71630","post","type-post","status-publish","format-standard","has-post-thumbnail","hentry","category-destacadas"],"acf":[],"_links":{"self":[{"href":"https:\/\/vocesparalelas.com.ar\/sitio\/wp-json\/wp\/v2\/posts\/71630","targetHints":{"allow":["GET"]}}],"collection":[{"href":"https:\/\/vocesparalelas.com.ar\/sitio\/wp-json\/wp\/v2\/posts"}],"about":[{"href":"https:\/\/vocesparalelas.com.ar\/sitio\/wp-json\/wp\/v2\/types\/post"}],"author":[{"embeddable":true,"href":"https:\/\/vocesparalelas.com.ar\/sitio\/wp-json\/wp\/v2\/users\/3"}],"replies":[{"embeddable":true,"href":"https:\/\/vocesparalelas.com.ar\/sitio\/wp-json\/wp\/v2\/comments?post=71630"}],"version-history":[{"count":1,"href":"https:\/\/vocesparalelas.com.ar\/sitio\/wp-json\/wp\/v2\/posts\/71630\/revisions"}],"predecessor-version":[{"id":71636,"href":"https:\/\/vocesparalelas.com.ar\/sitio\/wp-json\/wp\/v2\/posts\/71630\/revisions\/71636"}],"wp:featuredmedia":[{"embeddable":true,"href":"https:\/\/vocesparalelas.com.ar\/sitio\/wp-json\/wp\/v2\/media\/71634"}],"wp:attachment":[{"href":"https:\/\/vocesparalelas.com.ar\/sitio\/wp-json\/wp\/v2\/media?parent=71630"}],"wp:term":[{"taxonomy":"category","embeddable":true,"href":"https:\/\/vocesparalelas.com.ar\/sitio\/wp-json\/wp\/v2\/categories?post=71630"},{"taxonomy":"post_tag","embeddable":true,"href":"https:\/\/vocesparalelas.com.ar\/sitio\/wp-json\/wp\/v2\/tags?post=71630"}],"curies":[{"name":"wp","href":"https:\/\/api.w.org\/{rel}","templated":true}]}}