{"id":71626,"date":"2024-04-24T22:31:46","date_gmt":"2024-04-25T01:31:46","guid":{"rendered":"https:\/\/vocesparalelas.com.ar\/sitio\/?p=71626"},"modified":"2024-04-24T22:33:38","modified_gmt":"2024-04-25T01:33:38","slug":"actividades-del-gobernador-de-san-juan-republica-argentina-dr-marcelo-orrego-en-la-republica-de-chile","status":"publish","type":"post","link":"https:\/\/vocesparalelas.com.ar\/sitio\/actividades-del-gobernador-de-san-juan-republica-argentina-dr-marcelo-orrego-en-la-republica-de-chile\/","title":{"rendered":"Actividades del gobernador de San Juan, Rep\u00fablica Argentina, Dr. Marcelo Orrego en la Rep\u00fablica de Chile"},"content":{"rendered":"<p>El gobernador de San Juan, Rep\u00fablica Argentina, Dr. Marcelo Orrego lleg\u00f3 a la Rep\u00fablica de Chile con el objetivo de fortalecer los lazos de cooperaci\u00f3n y amistad entre ambas regiones.<\/p>\n<figure id=\"attachment_66841\" aria-describedby=\"caption-attachment-66841\" style=\"width: 800px\" class=\"wp-caption alignnone\"><img loading=\"lazy\" decoding=\"async\" class=\"size-full wp-image-66841\" src=\"https:\/\/vocesparalelas.com.ar\/sitio\/wp-content\/uploads\/2023\/12\/GSJ-ORREGO-06.jpg\" alt=\"\" width=\"800\" height=\"533\" srcset=\"https:\/\/vocesparalelas.com.ar\/sitio\/wp-content\/uploads\/2023\/12\/GSJ-ORREGO-06.jpg 800w, https:\/\/vocesparalelas.com.ar\/sitio\/wp-content\/uploads\/2023\/12\/GSJ-ORREGO-06-300x200.jpg 300w, https:\/\/vocesparalelas.com.ar\/sitio\/wp-content\/uploads\/2023\/12\/GSJ-ORREGO-06-768x512.jpg 768w\" sizes=\"auto, (max-width: 800px) 100vw, 800px\" \/><figcaption id=\"caption-attachment-66841\" class=\"wp-caption-text\">Gobernador de San Juan, Dr. Marcelo Orrego<\/figcaption><\/figure>\n<p><strong><span style=\"color: #0000ff;\">Temas<\/span><\/strong><\/p>\n<ul>\n<li>Intercambios comerciales,<\/li>\n<li>Proyecto del T\u00fanel de baja altura en Agua Negra,<\/li>\n<li>Veranadas<\/li>\n<li>Intercambio tur\u00edstico<\/li>\n<\/ul>\n<p>Cabe destacar que es la primera visita que hace al la Rep\u00fablica de Chile como gobernador de San Juan, Rep\u00fablica Argentina.<\/p>\n<p>Adem\u00e1s, participa en el \u00abEncuentro Binacional Agua Negra: Territorio Solidario y Tecnol\u00f3gico\u00bb para establecer una agenda com\u00fan e impulsar la creaci\u00f3n del Comit\u00e9 de Integraci\u00f3n Agua Negra.<\/p>\n<p>Por otro lado, el gobernador Dr. Marcelo Orrego, est\u00e1 presente en la cumbre internacional de ONU H\u00e1bitat y la Cumbre Internacional de H\u00e1bitat de Am\u00e9rica Latina y el Caribe (CIHALC) en Vicu\u00f1a.<\/p>\n<p>&nbsp;<\/p>\n<p>&nbsp;<\/p>\n","protected":false},"excerpt":{"rendered":"<p>El gobernador de San Juan, Rep\u00fablica Argentina, Dr. Marcelo Orrego lleg\u00f3 a la Rep\u00fablica de Chile con el objetivo de<\/p>\n","protected":false},"author":3,"featured_media":33292,"comment_status":"closed","ping_status":"closed","sticky":false,"template":"","format":"standard","meta":{"_acf_changed":false,"_seopress_robots_primary_cat":"none","_seopress_titles_title":"","_seopress_titles_desc":"","_seopress_robots_index":"","colormag_page_container_layout":"default_layout","colormag_page_sidebar_layout":"default_layout","footnotes":""},"categories":[1],"tags":[],"class_list":["post-71626","post","type-post","status-publish","format-standard","has-post-thumbnail","hentry","category-destacadas"],"acf":[],"_links":{"self":[{"href":"https:\/\/vocesparalelas.com.ar\/sitio\/wp-json\/wp\/v2\/posts\/71626","targetHints":{"allow":["GET"]}}],"collection":[{"href":"https:\/\/vocesparalelas.com.ar\/sitio\/wp-json\/wp\/v2\/posts"}],"about":[{"href":"https:\/\/vocesparalelas.com.ar\/sitio\/wp-json\/wp\/v2\/types\/post"}],"author":[{"embeddable":true,"href":"https:\/\/vocesparalelas.com.ar\/sitio\/wp-json\/wp\/v2\/users\/3"}],"replies":[{"embeddable":true,"href":"https:\/\/vocesparalelas.com.ar\/sitio\/wp-json\/wp\/v2\/comments?post=71626"}],"version-history":[{"count":1,"href":"https:\/\/vocesparalelas.com.ar\/sitio\/wp-json\/wp\/v2\/posts\/71626\/revisions"}],"predecessor-version":[{"id":71629,"href":"https:\/\/vocesparalelas.com.ar\/sitio\/wp-json\/wp\/v2\/posts\/71626\/revisions\/71629"}],"wp:featuredmedia":[{"embeddable":true,"href":"https:\/\/vocesparalelas.com.ar\/sitio\/wp-json\/wp\/v2\/media\/33292"}],"wp:attachment":[{"href":"https:\/\/vocesparalelas.com.ar\/sitio\/wp-json\/wp\/v2\/media?parent=71626"}],"wp:term":[{"taxonomy":"category","embeddable":true,"href":"https:\/\/vocesparalelas.com.ar\/sitio\/wp-json\/wp\/v2\/categories?post=71626"},{"taxonomy":"post_tag","embeddable":true,"href":"https:\/\/vocesparalelas.com.ar\/sitio\/wp-json\/wp\/v2\/tags?post=71626"}],"curies":[{"name":"wp","href":"https:\/\/api.w.org\/{rel}","templated":true}]}}