{"id":71596,"date":"2024-04-23T20:37:46","date_gmt":"2024-04-23T23:37:46","guid":{"rendered":"https:\/\/vocesparalelas.com.ar\/sitio\/?p=71596"},"modified":"2024-04-24T01:52:02","modified_gmt":"2024-04-24T04:52:02","slug":"capacitacion-a-los-postulantes-xvi-edicion-premio-provincial-a-la-calidad-san-juan-2024","status":"publish","type":"post","link":"https:\/\/vocesparalelas.com.ar\/sitio\/capacitacion-a-los-postulantes-xvi-edicion-premio-provincial-a-la-calidad-san-juan-2024\/","title":{"rendered":"Capacitaci\u00f3n a los postulantes XVI Edici\u00f3n Premio Provincial a la Calidad \u00abSan Juan 2024\u00bb"},"content":{"rendered":"<p>Cincuenta organismos del orden p\u00fablico y cincuenta y ocho privados comenzaron la capacitaci\u00f3n del Premio Provincial a la Calidad \u00abSan Juan 2024\u00bb.<\/p>\n<p>El Premio es un reconocimiento del Gobierno de San Juan que se otorga a aquellas organizaciones p\u00fablicas y privadas que implementan procesos de gesti\u00f3n de calidad apostando a la mejora continua en sus prestaciones de bienes o servicios.<\/p>\n<p>Su principal objetivo es promover y consolidar la cultura de la calidad en las organizaciones p\u00fablicas y privadas de la provincia de San Juan.<\/p>\n<p>Una vez cerradas las inscripciones, comenz\u00f3 la etapa de capacitaci\u00f3n para la XVI Edici\u00f3n. En la Sala Emar Acosta de la Legislatura Provincial, se dio el primer paso con la presencia de las organizaciones participantes.<\/p>\n<p>Por la ma\u00f1ana, estuvo destinada al sector p\u00fablico, mientras que por la tarde fue el turno del sector privado.<\/p>\n<p>Ambos encuentros contaron con una asistencia destacada y fueron liderados por autoridades: el Lic. Fabricio Echegaray, Secretario de Transformaci\u00f3n Digital y Modernizaci\u00f3n del Estado, y el Ing. Martin Palisa, Director de la Agencia San Juan de Desarrollo de Inversiones. \u00abEl Premio a la Calidad, establecido por la ley N\u00ba 971-F\/15 (ex 7910\/08), es una oportunidad para fortalecer nuestras organizaciones mediante la mejora continua, brindando servicios de calidad a nuestra comunidad. Nos basamos en atributos como responsabilidad, sostenibilidad, eficiencia, oportunidad e innovaci\u00f3n para guiar este proceso\u00bb, manifestaron.<\/p>\n<p>Durante cuatro jornadas a lo largo de un mes, las organizaciones participantes recibir\u00e1n capacitaci\u00f3n en Calidad. Al finalizar, estar\u00e1n listas para elaborar un informe exhaustivo sobre sus procesos operativos y su Sistema de Gesti\u00f3n de la Calidad. Este informe ser\u00e1 evaluado por profesionales reclutados por el Premio, quienes brindar\u00e1n retroalimentaci\u00f3n para mejorar este aspecto de las organizaciones.<\/p>\n<p><strong><span style=\"color: #ff6600;\">En el caso del sector privado de las 58 empresas inscriptas: <\/span><\/strong><\/p>\n<ul>\n<li>20 han participado en ediciones anteriores y<\/li>\n<li>38 son empresas que lo hacen por primera vez<\/li>\n<li>salud 14,<\/li>\n<li>comercio 3,<\/li>\n<li>construcci\u00f3n 3,<\/li>\n<li>educaci\u00f3n 2,<\/li>\n<li>industria 14,<\/li>\n<li>tics 3,<\/li>\n<li>servicios 6,<\/li>\n<li>servicios mineros 4,<\/li>\n<li>servicios financieros 2,<\/li>\n<li>cultura y turismo 2,<\/li>\n<li>transporte y log\u00edstica 3,<\/li>\n<li>hoteler\u00eda y gastronom\u00eda 1 y<\/li>\n<li>organizaci\u00f3n profesional 1.<\/li>\n<\/ul>\n<p><img loading=\"lazy\" decoding=\"async\" class=\"alignnone size-full wp-image-65642\" src=\"https:\/\/vocesparalelas.com.ar\/sitio\/wp-content\/uploads\/2023\/11\/GOBIERNO-SAN-JUAN.jpg\" alt=\"\" width=\"800\" height=\"600\" srcset=\"https:\/\/vocesparalelas.com.ar\/sitio\/wp-content\/uploads\/2023\/11\/GOBIERNO-SAN-JUAN.jpg 800w, https:\/\/vocesparalelas.com.ar\/sitio\/wp-content\/uploads\/2023\/11\/GOBIERNO-SAN-JUAN-300x225.jpg 300w, https:\/\/vocesparalelas.com.ar\/sitio\/wp-content\/uploads\/2023\/11\/GOBIERNO-SAN-JUAN-768x576.jpg 768w\" sizes=\"auto, (max-width: 800px) 100vw, 800px\" \/><\/p>\n","protected":false},"excerpt":{"rendered":"<p>Cincuenta organismos del orden p\u00fablico y cincuenta y ocho privados comenzaron la capacitaci\u00f3n del Premio Provincial a la Calidad \u00abSan<\/p>\n","protected":false},"author":3,"featured_media":71599,"comment_status":"closed","ping_status":"closed","sticky":false,"template":"","format":"standard","meta":{"_acf_changed":false,"_seopress_robots_primary_cat":"none","_seopress_titles_title":"","_seopress_titles_desc":"","_seopress_robots_index":"","colormag_page_container_layout":"default_layout","colormag_page_sidebar_layout":"default_layout","footnotes":""},"categories":[1],"tags":[],"class_list":["post-71596","post","type-post","status-publish","format-standard","has-post-thumbnail","hentry","category-destacadas"],"acf":[],"_links":{"self":[{"href":"https:\/\/vocesparalelas.com.ar\/sitio\/wp-json\/wp\/v2\/posts\/71596","targetHints":{"allow":["GET"]}}],"collection":[{"href":"https:\/\/vocesparalelas.com.ar\/sitio\/wp-json\/wp\/v2\/posts"}],"about":[{"href":"https:\/\/vocesparalelas.com.ar\/sitio\/wp-json\/wp\/v2\/types\/post"}],"author":[{"embeddable":true,"href":"https:\/\/vocesparalelas.com.ar\/sitio\/wp-json\/wp\/v2\/users\/3"}],"replies":[{"embeddable":true,"href":"https:\/\/vocesparalelas.com.ar\/sitio\/wp-json\/wp\/v2\/comments?post=71596"}],"version-history":[{"count":3,"href":"https:\/\/vocesparalelas.com.ar\/sitio\/wp-json\/wp\/v2\/posts\/71596\/revisions"}],"predecessor-version":[{"id":71602,"href":"https:\/\/vocesparalelas.com.ar\/sitio\/wp-json\/wp\/v2\/posts\/71596\/revisions\/71602"}],"wp:featuredmedia":[{"embeddable":true,"href":"https:\/\/vocesparalelas.com.ar\/sitio\/wp-json\/wp\/v2\/media\/71599"}],"wp:attachment":[{"href":"https:\/\/vocesparalelas.com.ar\/sitio\/wp-json\/wp\/v2\/media?parent=71596"}],"wp:term":[{"taxonomy":"category","embeddable":true,"href":"https:\/\/vocesparalelas.com.ar\/sitio\/wp-json\/wp\/v2\/categories?post=71596"},{"taxonomy":"post_tag","embeddable":true,"href":"https:\/\/vocesparalelas.com.ar\/sitio\/wp-json\/wp\/v2\/tags?post=71596"}],"curies":[{"name":"wp","href":"https:\/\/api.w.org\/{rel}","templated":true}]}}