{"id":71566,"date":"2024-04-23T11:15:53","date_gmt":"2024-04-23T14:15:53","guid":{"rendered":"https:\/\/vocesparalelas.com.ar\/sitio\/?p=71566"},"modified":"2024-04-23T11:15:53","modified_gmt":"2024-04-23T14:15:53","slug":"el-superavit-no-se-toca-en-argentina","status":"publish","type":"post","link":"https:\/\/vocesparalelas.com.ar\/sitio\/el-superavit-no-se-toca-en-argentina\/","title":{"rendered":"El super\u00e1vit no se toca en Argentina"},"content":{"rendered":"<p>Casi al borde pero sin caer en la trampa de \u201clo peor ya pas\u00f3\u201d, el presidente Javier Milei asegur\u00f3 ayer que \u201cestamos a mitad de camino\u201d. La definici\u00f3n tiene dos lecturas obvias: motosierra y licuadora mediante, en pocos meses se avanz\u00f3 la mitad del duro recorrido para bajar la inflaci\u00f3n y estabilizar la econom\u00eda. Pero todav\u00eda falta la otra mitad. Y es ah\u00ed donde, con la excusa de anunciar el resultado de las cuentas p\u00fablicas que por primera vez en casi 20 a\u00f1os vuelven a mostrar super\u00e1vit financiero, el mandatario hizo una firme ratificaci\u00f3n del rumbo.<\/p>\n<p class=\"paragraph\" data-mrf-recirculation=\"Links inline\">A pocas horas de la marcha que promete ser multitudinaria y transversal por el recorte al presupuesto universitario, el mensaje fue n\u00edtido: el super\u00e1vit no se toca. Es m\u00e1s, defini\u00f3 el resultado positivo de 0,2% del PBI (unos $275.000 millones) como un \u201cmilagro econ\u00f3mico\u201d que responde m\u00e1s a la \u201cmotosierra\u201d que a la licuadora. Acompa\u00f1ado del ministro de Econom\u00eda, Luis Caputo, el presidente del Banco Central, Santiago Bausili, el vicepresidente de la entidad, Vladimir Werning, y el secretario de Finanzas, Pablo Quirno, la frase pareci\u00f3 responder las cr\u00edticas que desde hace meses llegan del mercado y que, en los \u00faltimos d\u00edas, se escucharon de boca tambi\u00e9n del ex ministro Domingo Cavallo o el economista Carlos Rodr\u00edguez, en alg\u00fan momento referentes para Milei.<\/p>\n<p class=\"paragraph\" data-mrf-recirculation=\"Links inline\">\u201cHaza\u00f1a a nivel mundial\u201d y la descripci\u00f3n del d\u00e9ficit cero como \u201cmandamiento\u201d completaron el coraz\u00f3n de una cadena nacional que hab\u00eda generado fuertes expectativas y que apunt\u00f3 a m\u00faltiples destinatarios, Sin duda, por encima de todo, el mensaje a la sociedad respecto de que el esfuerzo del ajuste \u201cesta vez va a valer la pena\u201d, lo cual desde la mirada oficial ya se ve plasmado en cifras que el Milei remarc\u00f3 es el \u201c\u00fanico punto de partida de partida para terminar con el infierno inflacionario\u201d. Es obvio que el mensaje tambi\u00e9n fue claramente pol\u00edtico al rechazar aumentar el gasto p\u00fablico, lo que rebota positivamente en el mercado donde, tal vez hoy, el problema sea otro.<\/p>\n<p class=\"paragraph\" data-mrf-recirculation=\"Links inline\">Fue tan ambiciosa la proliferaci\u00f3n de versiones respecto de los anuncios, desde la salida del cepo hasta apoyo crediticio internacional a tasas razonables, que probablemente a la luz de las declaraciones presidenciales luzcan injustificadas las fuertes subas en bonos y acciones que se anotaron ayer, con una baja del riesgo pa\u00eds que perfor\u00f3 los 1.200 puntos b\u00e1sicos. Peor a\u00fan, adem\u00e1s de corregir el optimismo, los inversores tal vez perciban cierto nivel de \u201csobreactuaci\u00f3n\u201d con el objetivo de esconder lo que probablemente sea una dificultad mayor. Es que, si bien celebran el ajuste fiscal y la convicci\u00f3n del Presidente en el d\u00e9ficit cero, tambi\u00e9n es un dato que empiezan a dar por descontado y que incluso se conoc\u00eda desde la semana pasada, aunque sin precisiones.<\/p>\n<p class=\"paragraph\" data-mrf-recirculation=\"Links inline\">En cierta medida, igual el Fondo Monetario, y en las ant\u00edpodas de lo que pasar\u00e1 hoy en las calles con quienes se plieguen a la manifestaci\u00f3n universitaria, en el mercado esperan ahora ver una mejora \u201cen la calidad\u201d del ajuste. Es decir, menos licuadora y m\u00e1s motosierra.<\/p>\n<p data-mrf-recirculation=\"Links inline\">Seg\u00fan public\u00f3 el Ministerio de Econom\u00eda tras el discurso presidencial, en marzo el super\u00e1vit primario fue de $625.034 millones y, al agregar el pago de intereses de deuda, tuvo un excedente financiero de $276.638 millones. De acuerdo a un an\u00e1lisis del Instituto de An\u00e1lisis Fiscal (IARAF), en los primeros tres meses del a\u00f1o, 15 de los 16 componentes del gasto anotaron bajas en t\u00e9rminos reales, con excepci\u00f3n en la AUH, que aument\u00f3 10,6%, a diferencia de lo que ocurri\u00f3 con las jubilaciones que reci\u00e9n a partir de este mes comenzaron a acompa\u00f1ar la inflaci\u00f3n, por lo cual es el rubro que hizo el mayor aporte al super\u00e1vit. Aunque no fueron las \u00fanicas: tambi\u00e9n transferencias de capital a provincias (-98,4%), inversi\u00f3n real directa (-82,5%) y transferencias corrientes a provincias (-76,3%) fueron los otros tres renglones que m\u00e1s cayeron en t\u00e9rminos reales.<\/p>\n<p data-mrf-recirculation=\"Links inline\">Fuente: Infobae<\/p>\n<p><iframe loading=\"lazy\" title=\"CADENA NACIONAL DEL PRESIDENTE JAVIER MILEI\" width=\"800\" height=\"450\" src=\"https:\/\/www.youtube.com\/embed\/l5w0_qZ08aw?feature=oembed\" frameborder=\"0\" allow=\"accelerometer; autoplay; clipboard-write; encrypted-media; gyroscope; picture-in-picture; web-share\" referrerpolicy=\"strict-origin-when-cross-origin\" allowfullscreen><\/iframe><\/p>\n","protected":false},"excerpt":{"rendered":"<p>Casi al borde pero sin caer en la trampa de \u201clo peor ya pas\u00f3\u201d, el presidente Javier Milei asegur\u00f3 ayer<\/p>\n","protected":false},"author":3,"featured_media":71569,"comment_status":"closed","ping_status":"closed","sticky":false,"template":"","format":"standard","meta":{"_acf_changed":false,"_seopress_robots_primary_cat":"none","_seopress_titles_title":"","_seopress_titles_desc":"","_seopress_robots_index":"","colormag_page_container_layout":"default_layout","colormag_page_sidebar_layout":"default_layout","footnotes":""},"categories":[1,7],"tags":[],"class_list":["post-71566","post","type-post","status-publish","format-standard","has-post-thumbnail","hentry","category-destacadas","category-videos"],"acf":[],"_links":{"self":[{"href":"https:\/\/vocesparalelas.com.ar\/sitio\/wp-json\/wp\/v2\/posts\/71566","targetHints":{"allow":["GET"]}}],"collection":[{"href":"https:\/\/vocesparalelas.com.ar\/sitio\/wp-json\/wp\/v2\/posts"}],"about":[{"href":"https:\/\/vocesparalelas.com.ar\/sitio\/wp-json\/wp\/v2\/types\/post"}],"author":[{"embeddable":true,"href":"https:\/\/vocesparalelas.com.ar\/sitio\/wp-json\/wp\/v2\/users\/3"}],"replies":[{"embeddable":true,"href":"https:\/\/vocesparalelas.com.ar\/sitio\/wp-json\/wp\/v2\/comments?post=71566"}],"version-history":[{"count":1,"href":"https:\/\/vocesparalelas.com.ar\/sitio\/wp-json\/wp\/v2\/posts\/71566\/revisions"}],"predecessor-version":[{"id":71570,"href":"https:\/\/vocesparalelas.com.ar\/sitio\/wp-json\/wp\/v2\/posts\/71566\/revisions\/71570"}],"wp:featuredmedia":[{"embeddable":true,"href":"https:\/\/vocesparalelas.com.ar\/sitio\/wp-json\/wp\/v2\/media\/71569"}],"wp:attachment":[{"href":"https:\/\/vocesparalelas.com.ar\/sitio\/wp-json\/wp\/v2\/media?parent=71566"}],"wp:term":[{"taxonomy":"category","embeddable":true,"href":"https:\/\/vocesparalelas.com.ar\/sitio\/wp-json\/wp\/v2\/categories?post=71566"},{"taxonomy":"post_tag","embeddable":true,"href":"https:\/\/vocesparalelas.com.ar\/sitio\/wp-json\/wp\/v2\/tags?post=71566"}],"curies":[{"name":"wp","href":"https:\/\/api.w.org\/{rel}","templated":true}]}}