{"id":71560,"date":"2024-04-20T20:37:10","date_gmt":"2024-04-20T23:37:10","guid":{"rendered":"https:\/\/vocesparalelas.com.ar\/sitio\/?p=71560"},"modified":"2024-04-24T01:04:47","modified_gmt":"2024-04-24T04:04:47","slug":"upcn-san-juan-se-suma-a-la-movilizacion-en-apoyo-a-la-universidad-publica","status":"publish","type":"post","link":"https:\/\/vocesparalelas.com.ar\/sitio\/upcn-san-juan-se-suma-a-la-movilizacion-en-apoyo-a-la-universidad-publica\/","title":{"rendered":"UPCN San Juan se suma a la Movilizaci\u00f3n en apoyo a la Universidad P\u00fablica"},"content":{"rendered":"<p>El Secretario General de UPCN San Juan, Jos\u00e9 A. Villa, convoca a los Delegados y Colaboradores, a participar de la Movilizaci\u00f3n en apoyo a la Universidad P\u00fablica.<\/p>\n<p>Por ello, UPCN San Juan convoca para que los participantes se re\u00fanan en la sede sindical, el Martes 23 de Abril, a las 16:30 hs.; en sede Central, Sarmiento 461 &#8211; S -, Capital.<\/p>\n<p>Se ruega puntualidad y confirmaci\u00f3n a la convocatoria. Adem\u00e1s, solicitan hacer extensiva la invitaci\u00f3n del cuerpo de Delegados de la repartici\u00f3n de cada uno.<\/p>\n<p>&nbsp;<\/p>\n","protected":false},"excerpt":{"rendered":"<p>El Secretario General de UPCN San Juan, Jos\u00e9 A. Villa, convoca a los Delegados y Colaboradores, a participar de la<\/p>\n","protected":false},"author":3,"featured_media":22945,"comment_status":"closed","ping_status":"closed","sticky":false,"template":"","format":"standard","meta":{"_acf_changed":false,"_seopress_robots_primary_cat":"none","_seopress_titles_title":"","_seopress_titles_desc":"","_seopress_robots_index":"","colormag_page_container_layout":"default_layout","colormag_page_sidebar_layout":"default_layout","footnotes":""},"categories":[1],"tags":[],"class_list":["post-71560","post","type-post","status-publish","format-standard","has-post-thumbnail","hentry","category-destacadas"],"acf":[],"_links":{"self":[{"href":"https:\/\/vocesparalelas.com.ar\/sitio\/wp-json\/wp\/v2\/posts\/71560","targetHints":{"allow":["GET"]}}],"collection":[{"href":"https:\/\/vocesparalelas.com.ar\/sitio\/wp-json\/wp\/v2\/posts"}],"about":[{"href":"https:\/\/vocesparalelas.com.ar\/sitio\/wp-json\/wp\/v2\/types\/post"}],"author":[{"embeddable":true,"href":"https:\/\/vocesparalelas.com.ar\/sitio\/wp-json\/wp\/v2\/users\/3"}],"replies":[{"embeddable":true,"href":"https:\/\/vocesparalelas.com.ar\/sitio\/wp-json\/wp\/v2\/comments?post=71560"}],"version-history":[{"count":1,"href":"https:\/\/vocesparalelas.com.ar\/sitio\/wp-json\/wp\/v2\/posts\/71560\/revisions"}],"predecessor-version":[{"id":71563,"href":"https:\/\/vocesparalelas.com.ar\/sitio\/wp-json\/wp\/v2\/posts\/71560\/revisions\/71563"}],"wp:featuredmedia":[{"embeddable":true,"href":"https:\/\/vocesparalelas.com.ar\/sitio\/wp-json\/wp\/v2\/media\/22945"}],"wp:attachment":[{"href":"https:\/\/vocesparalelas.com.ar\/sitio\/wp-json\/wp\/v2\/media?parent=71560"}],"wp:term":[{"taxonomy":"category","embeddable":true,"href":"https:\/\/vocesparalelas.com.ar\/sitio\/wp-json\/wp\/v2\/categories?post=71560"},{"taxonomy":"post_tag","embeddable":true,"href":"https:\/\/vocesparalelas.com.ar\/sitio\/wp-json\/wp\/v2\/tags?post=71560"}],"curies":[{"name":"wp","href":"https:\/\/api.w.org\/{rel}","templated":true}]}}