{"id":71545,"date":"2024-04-20T20:47:23","date_gmt":"2024-04-20T23:47:23","guid":{"rendered":"https:\/\/vocesparalelas.com.ar\/sitio\/?p=71545"},"modified":"2024-04-24T01:05:18","modified_gmt":"2024-04-24T04:05:18","slug":"defendamos-la-universidad-nacional-publica-y-gratuita-en-san-juan","status":"publish","type":"post","link":"https:\/\/vocesparalelas.com.ar\/sitio\/defendamos-la-universidad-nacional-publica-y-gratuita-en-san-juan\/","title":{"rendered":"Defendamos la Universidad Nacional P\u00fablica y Gratuita en San Juan"},"content":{"rendered":"<p>La Marcha Federal Universitaria en su versi\u00f3n de San Juan comienza el Martes, 23 de Abril, a las 17 hs.; desde la Facultad de Filosof\u00eda, Humanidades y Artes de la Universidad Nacional de San Juan, Sarmiento e Ignacio de la Roza.<\/p>\n<p>El destino es el Edificio Central de la UNSJ, Mitre y Jujuy, de la Capital de la Ciudad de San Juan para defender la Universidad Nacional P\u00fablica y Gratuita.<\/p>\n<p>La comunidad Universitaria y el p\u00fablico en general salen a la calle movilizados <strong>e<\/strong>n defensa del sistema universitario, educativo y cient\u00edfico p\u00fablicos.<\/p>\n<p>Tambi\u00e9n, hay movilizaciones en el Departamento J\u00e1chal, a las 18 hs.; en la sede de la UNSJ, en la localidad de Barreal, Departamento Calingasta, a las 17 hs.<\/p>\n<p>El rector de la UNSJ, Ing. Tadeo Berenguer manifest\u00f3 que \u00abes importante recordar que el 9 de Abril sali\u00f3 la convocatoria de los m\u00e1s de sesenta rectores de universidades nacionales, reunidos en Plenario en sede de la Universidad de San Mart\u00edn, y directivos de asociaciones gremiales. La movilizaci\u00f3n se replica en distintos sectores del pa\u00eds donde haya un ambiente universitario\u201d.<\/p>\n<p>\u201cLa semana pasada convoqu\u00e9 a la multisectorial universitaria, en que estuvieron representados los tres gremios docentes, el gremio nodocente, la Federaci\u00f3n Universitaria, los cinco Decanos, el Director de la Escuela Universitaria de Ciencias de la Salud y los tres directivos de los Institutos Preuniversitarios. Junto con la Vicerrectora, Dra. Anal\u00eda Ponce, tuvimos una amplia charla en que decidimos convocar a la marcha\u201d.<\/p>\n<p>\u00abSeguramente el Gobierno Nacional celebra que haya otro mes en camino hacia d\u00e9ficit cero pero a costa de un cruel ajuste no s\u00f3lo para la comunidad universitaria sino tambi\u00e9n para comunidad\u00bb &#8211; enfatiz\u00f3 el rector de la UNSJ, Ing. Tadeo Berenguer.<\/p>\n<p><iframe loading=\"lazy\" title=\"UNSJ RECTOR ING TADEO BERENGUER\" width=\"800\" height=\"450\" src=\"https:\/\/www.youtube.com\/embed\/_4VFYywkLSI?feature=oembed\" frameborder=\"0\" allow=\"accelerometer; autoplay; clipboard-write; encrypted-media; gyroscope; picture-in-picture; web-share\" referrerpolicy=\"strict-origin-when-cross-origin\" allowfullscreen><\/iframe><\/p>\n<p>&nbsp;<\/p>\n<p><img loading=\"lazy\" decoding=\"async\" class=\"alignnone size-full wp-image-54097\" src=\"https:\/\/vocesparalelas.com.ar\/sitio\/wp-content\/uploads\/2022\/11\/UNSJ-EDIFICIO.jpg\" alt=\"\" width=\"800\" height=\"600\" srcset=\"https:\/\/vocesparalelas.com.ar\/sitio\/wp-content\/uploads\/2022\/11\/UNSJ-EDIFICIO.jpg 800w, https:\/\/vocesparalelas.com.ar\/sitio\/wp-content\/uploads\/2022\/11\/UNSJ-EDIFICIO-300x225.jpg 300w, https:\/\/vocesparalelas.com.ar\/sitio\/wp-content\/uploads\/2022\/11\/UNSJ-EDIFICIO-768x576.jpg 768w\" sizes=\"auto, (max-width: 800px) 100vw, 800px\" \/><\/p>\n<p>&nbsp;<\/p>\n<p><iframe loading=\"lazy\" title=\"DEFENDEMOS LA UNIVERSIDAD NACIONAL P\u00daBLICA Y GRATUITA DE ARGENTINA\" width=\"800\" height=\"450\" src=\"https:\/\/www.youtube.com\/embed\/eS5DXnWlUJ0?feature=oembed\" frameborder=\"0\" allow=\"accelerometer; autoplay; clipboard-write; encrypted-media; gyroscope; picture-in-picture; web-share\" referrerpolicy=\"strict-origin-when-cross-origin\" allowfullscreen><\/iframe><\/p>\n<p>&nbsp;<\/p>\n<p>&nbsp;<\/p>\n","protected":false},"excerpt":{"rendered":"<p>La Marcha Federal Universitaria en su versi\u00f3n de San Juan comienza el Martes, 23 de Abril, a las 17 hs.;<\/p>\n","protected":false},"author":3,"featured_media":37900,"comment_status":"closed","ping_status":"closed","sticky":false,"template":"","format":"standard","meta":{"_acf_changed":false,"_seopress_robots_primary_cat":"none","_seopress_titles_title":"","_seopress_titles_desc":"","_seopress_robots_index":"","colormag_page_container_layout":"default_layout","colormag_page_sidebar_layout":"default_layout","footnotes":""},"categories":[1,7],"tags":[],"class_list":["post-71545","post","type-post","status-publish","format-standard","has-post-thumbnail","hentry","category-destacadas","category-videos"],"acf":[],"_links":{"self":[{"href":"https:\/\/vocesparalelas.com.ar\/sitio\/wp-json\/wp\/v2\/posts\/71545","targetHints":{"allow":["GET"]}}],"collection":[{"href":"https:\/\/vocesparalelas.com.ar\/sitio\/wp-json\/wp\/v2\/posts"}],"about":[{"href":"https:\/\/vocesparalelas.com.ar\/sitio\/wp-json\/wp\/v2\/types\/post"}],"author":[{"embeddable":true,"href":"https:\/\/vocesparalelas.com.ar\/sitio\/wp-json\/wp\/v2\/users\/3"}],"replies":[{"embeddable":true,"href":"https:\/\/vocesparalelas.com.ar\/sitio\/wp-json\/wp\/v2\/comments?post=71545"}],"version-history":[{"count":3,"href":"https:\/\/vocesparalelas.com.ar\/sitio\/wp-json\/wp\/v2\/posts\/71545\/revisions"}],"predecessor-version":[{"id":71550,"href":"https:\/\/vocesparalelas.com.ar\/sitio\/wp-json\/wp\/v2\/posts\/71545\/revisions\/71550"}],"wp:featuredmedia":[{"embeddable":true,"href":"https:\/\/vocesparalelas.com.ar\/sitio\/wp-json\/wp\/v2\/media\/37900"}],"wp:attachment":[{"href":"https:\/\/vocesparalelas.com.ar\/sitio\/wp-json\/wp\/v2\/media?parent=71545"}],"wp:term":[{"taxonomy":"category","embeddable":true,"href":"https:\/\/vocesparalelas.com.ar\/sitio\/wp-json\/wp\/v2\/categories?post=71545"},{"taxonomy":"post_tag","embeddable":true,"href":"https:\/\/vocesparalelas.com.ar\/sitio\/wp-json\/wp\/v2\/tags?post=71545"}],"curies":[{"name":"wp","href":"https:\/\/api.w.org\/{rel}","templated":true}]}}