{"id":71529,"date":"2024-04-22T19:59:52","date_gmt":"2024-04-22T22:59:52","guid":{"rendered":"https:\/\/vocesparalelas.com.ar\/sitio\/?p=71529"},"modified":"2024-04-24T01:03:55","modified_gmt":"2024-04-24T04:03:55","slug":"jornada-evaluar-interpretar-y-accionar-en-educacion-fisica-en-san-juan","status":"publish","type":"post","link":"https:\/\/vocesparalelas.com.ar\/sitio\/jornada-evaluar-interpretar-y-accionar-en-educacion-fisica-en-san-juan\/","title":{"rendered":"Jornada \u201dEvaluar, interpretar y accionar\u201d en Educaci\u00f3n F\u00edsica en San Juan"},"content":{"rendered":"<p>El Martes, 23 y el Mi\u00e9rcoles, 24 de Abril de 2024, a partir de las 8:30 hs.; en el Auditorio Eloy Camus, en el Centro C\u00edvico, se desarrolla la Jornada \u00abEvaluar, interpretar y accionar\u201d destinada a los profesores de Educaci\u00f3n F\u00edsica del Nivel Inicial, Primario y Secundario con el Aval ministerial y cambio de tareas.<\/p>\n<p>La coordinaci\u00f3n general a cargo del Prof. Roberto Al\u00f3s, acompa\u00f1ado por los Profesores Pedro Le\u00f3n y Ariel Facchibelli.<\/p>\n<p>Tambi\u00e9n, tienen la posibilidad de participar en la charlas de capacitaci\u00f3n los profesores de Educaci\u00f3n F\u00edsica de los Departamentos de San Juan<\/p>\n<p>Cronograma<\/p>\n<p><img loading=\"lazy\" decoding=\"async\" class=\"alignnone size-full wp-image-71532\" src=\"https:\/\/vocesparalelas.com.ar\/sitio\/wp-content\/uploads\/2024\/04\/EDUCACION-EDUCACION-FISICA.jpg\" alt=\"\" width=\"800\" height=\"623\" srcset=\"https:\/\/vocesparalelas.com.ar\/sitio\/wp-content\/uploads\/2024\/04\/EDUCACION-EDUCACION-FISICA.jpg 800w, https:\/\/vocesparalelas.com.ar\/sitio\/wp-content\/uploads\/2024\/04\/EDUCACION-EDUCACION-FISICA-300x234.jpg 300w, https:\/\/vocesparalelas.com.ar\/sitio\/wp-content\/uploads\/2024\/04\/EDUCACION-EDUCACION-FISICA-768x598.jpg 768w\" sizes=\"auto, (max-width: 800px) 100vw, 800px\" \/><\/p>\n<p>Tambi\u00e9n, se puede inscribir a trav\u00e9s del QR<\/p>\n<p><img loading=\"lazy\" decoding=\"async\" class=\"alignnone size-full wp-image-71534\" src=\"https:\/\/vocesparalelas.com.ar\/sitio\/wp-content\/uploads\/2024\/04\/EDUCACION-EDUCACION-FISICA-01.jpg\" alt=\"\" width=\"800\" height=\"400\" srcset=\"https:\/\/vocesparalelas.com.ar\/sitio\/wp-content\/uploads\/2024\/04\/EDUCACION-EDUCACION-FISICA-01.jpg 800w, https:\/\/vocesparalelas.com.ar\/sitio\/wp-content\/uploads\/2024\/04\/EDUCACION-EDUCACION-FISICA-01-300x150.jpg 300w, https:\/\/vocesparalelas.com.ar\/sitio\/wp-content\/uploads\/2024\/04\/EDUCACION-EDUCACION-FISICA-01-768x384.jpg 768w\" sizes=\"auto, (max-width: 800px) 100vw, 800px\" \/><\/p>\n<p>&nbsp;<\/p>\n<p><img loading=\"lazy\" decoding=\"async\" class=\"alignnone size-full wp-image-28629\" src=\"https:\/\/vocesparalelas.com.ar\/sitio\/wp-content\/uploads\/2020\/05\/MINISTERIO-EDUCACION-SJ.jpg\" alt=\"\" width=\"800\" height=\"533\" srcset=\"https:\/\/vocesparalelas.com.ar\/sitio\/wp-content\/uploads\/2020\/05\/MINISTERIO-EDUCACION-SJ.jpg 800w, https:\/\/vocesparalelas.com.ar\/sitio\/wp-content\/uploads\/2020\/05\/MINISTERIO-EDUCACION-SJ-300x200.jpg 300w, https:\/\/vocesparalelas.com.ar\/sitio\/wp-content\/uploads\/2020\/05\/MINISTERIO-EDUCACION-SJ-768x512.jpg 768w\" sizes=\"auto, (max-width: 800px) 100vw, 800px\" \/><\/p>\n<p>&nbsp;<\/p>\n","protected":false},"excerpt":{"rendered":"<p>El Martes, 23 y el Mi\u00e9rcoles, 24 de Abril de 2024, a partir de las 8:30 hs.; en el Auditorio<\/p>\n","protected":false},"author":3,"featured_media":54410,"comment_status":"closed","ping_status":"closed","sticky":false,"template":"","format":"standard","meta":{"_acf_changed":false,"_seopress_robots_primary_cat":"none","_seopress_titles_title":"","_seopress_titles_desc":"","_seopress_robots_index":"","colormag_page_container_layout":"default_layout","colormag_page_sidebar_layout":"default_layout","footnotes":""},"categories":[9],"tags":[],"class_list":["post-71529","post","type-post","status-publish","format-standard","has-post-thumbnail","hentry","category-cursos"],"acf":[],"_links":{"self":[{"href":"https:\/\/vocesparalelas.com.ar\/sitio\/wp-json\/wp\/v2\/posts\/71529","targetHints":{"allow":["GET"]}}],"collection":[{"href":"https:\/\/vocesparalelas.com.ar\/sitio\/wp-json\/wp\/v2\/posts"}],"about":[{"href":"https:\/\/vocesparalelas.com.ar\/sitio\/wp-json\/wp\/v2\/types\/post"}],"author":[{"embeddable":true,"href":"https:\/\/vocesparalelas.com.ar\/sitio\/wp-json\/wp\/v2\/users\/3"}],"replies":[{"embeddable":true,"href":"https:\/\/vocesparalelas.com.ar\/sitio\/wp-json\/wp\/v2\/comments?post=71529"}],"version-history":[{"count":1,"href":"https:\/\/vocesparalelas.com.ar\/sitio\/wp-json\/wp\/v2\/posts\/71529\/revisions"}],"predecessor-version":[{"id":71535,"href":"https:\/\/vocesparalelas.com.ar\/sitio\/wp-json\/wp\/v2\/posts\/71529\/revisions\/71535"}],"wp:featuredmedia":[{"embeddable":true,"href":"https:\/\/vocesparalelas.com.ar\/sitio\/wp-json\/wp\/v2\/media\/54410"}],"wp:attachment":[{"href":"https:\/\/vocesparalelas.com.ar\/sitio\/wp-json\/wp\/v2\/media?parent=71529"}],"wp:term":[{"taxonomy":"category","embeddable":true,"href":"https:\/\/vocesparalelas.com.ar\/sitio\/wp-json\/wp\/v2\/categories?post=71529"},{"taxonomy":"post_tag","embeddable":true,"href":"https:\/\/vocesparalelas.com.ar\/sitio\/wp-json\/wp\/v2\/tags?post=71529"}],"curies":[{"name":"wp","href":"https:\/\/api.w.org\/{rel}","templated":true}]}}