{"id":71511,"date":"2024-04-21T19:01:56","date_gmt":"2024-04-21T22:01:56","guid":{"rendered":"https:\/\/vocesparalelas.com.ar\/sitio\/?p=71511"},"modified":"2024-04-22T23:45:19","modified_gmt":"2024-04-23T02:45:19","slug":"necesitamos-luz-y-ternura-quien-puede-darla-en-abundancia","status":"publish","type":"post","link":"https:\/\/vocesparalelas.com.ar\/sitio\/necesitamos-luz-y-ternura-quien-puede-darla-en-abundancia\/","title":{"rendered":"Necesitamos luz y ternura \u00bfQui\u00e9n puede darla en abundancia?"},"content":{"rendered":"<p>Por el Arzobispo de San Juan de Cuyo, Monse\u00f1or Jorge Eduardo Lozano<\/p>\n<p>Si nos reconocemos en marcha sabemos que para no tropezar tenemos que ver bien el camino, es imprescindible andar de d\u00eda, o con iluminaci\u00f3n confiable en la noche. Quienes reconocemos la condici\u00f3n peregrina de la vida, aceptamos como parte de la existencia la posibilidad de los tropezones y la ca\u00edda; esa es la oportunidad de dar cabida a la ternura.<\/p>\n<p>Jes\u00fas se nos presenta como el Buen Pastor que nos gu\u00eda con su presencia, su Palabra que ilumina incluso en los momentos de mayor oscuridad. Y no nos abandona en las ca\u00eddas, sino que nos abraza con ternura y nos carga para llevarnos nuevamente al redil.<\/p>\n<p>Cada a\u00f1o, el cuarto domingo de Pascua lo llamamos del \u201cBuen Pastor\u201d, y en todo el mundo rezamos de modo especial por las vocaciones a la vida sacerdotal, religiosa y misionera.<\/p>\n<p>Nos dice Francisco en su Mensaje \u2014que este a\u00f1o lleva por t\u00edtulo \u201c<em>Llamados a sembrar la esperanza y a construir la paz\u201d\u2014<\/em> que somos invitados a considerar \u201cel precioso don de la llamada que el Se\u00f1or nos dirige a cada uno de nosotros, su pueblo fiel en camino, para que podamos ser part\u00edcipes de su proyecto de amor y encarnar la belleza del Evangelio en los diversos estados de vida (&#8230;). Nuestra vida se realiza y llega a su plenitud cuando descubrimos qui\u00e9nes somos, cu\u00e1les son nuestras cualidades, en qu\u00e9 \u00e1mbitos podemos hacerlas fructificar, qu\u00e9 camino podemos recorrer para convertirnos en signos e instrumentos de amor, de acogida, de belleza y de paz, en los contextos donde cada uno vive\u201d.<\/p>\n<p>Todos en el bautismo somos llamados a formar parte de la familia de los hijos de Dios, recibiendo el Esp\u00edritu Santo. Fieles laicos de diversas vocaciones y servicios en el mundo y en la<\/p>\n<p>Iglesia. Pero este fin de semana centramos la mirada \u201cen las personas consagradas, que ofrecen la propia existencia al Se\u00f1or tanto en el silencio de la oraci\u00f3n como en la acci\u00f3n apost\u00f3lica, a veces en lugares de frontera y exclusi\u00f3n, sin escatimar energ\u00edas, llevando adelante su carisma con creatividad y poni\u00e9ndolo a disposici\u00f3n de aquellos que encuentran. Y pienso en quienes han acogido la llamada al sacerdocio ordenado y se dedican al anuncio del Evangelio, y ofrecen su propia vida, junto al Pan eucar\u00edstico, por los hermanos, sembrando esperanza y mostrando a todos la belleza del Reino de Dios\u201d.<\/p>\n<p>Ellos nos acompa\u00f1an en el camino para no perder el rumbo hacia la meta que queremos alcanzar. Una meta que tenemos grabada en la mente \u2014porque hemos discernido y meditado\u2014, y grabada en el coraz\u00f3n \u2014porque nos atrae el amor del Padre\u2014. Implica \u201cdeshacerse de cargas in\u00fatiles, llevar consigo lo esencial y luchar cada d\u00eda para que el cansancio, el miedo, la incertidumbre y las tinieblas no obstaculicen el camino iniciado. De este modo, ser peregrinos significa volver a empezar cada d\u00eda,\u00a0<em>recomenzar siempre<\/em>, recuperar el entusiasmo y la fuerza para recorrer las diferentes etapas del itinerario que, a pesar del cansancio y las dificultades, abren siempre ante nosotros horizontes nuevos y panoramas desconocidos\u201d.<\/p>\n<p>Nos recuerda Francisco que<strong> \u201c<\/strong><em>somos peregrinos porque hemos sido llamados<\/em>. Llamados a amar a Dios y a amarnos los unos a los otros. As\u00ed, nuestro caminar en esta tierra nunca se resuelve en un cansarse sin sentido o en un vagar sin rumbo; por el contrario, cada d\u00eda, respondiendo a nuestra llamada, intentamos dar los pasos posibles hacia un mundo nuevo, donde se viva en paz, con justicia y amor. Somos peregrinos de esperanza porque tendemos hacia un futuro mejor y nos comprometemos en construirlo a lo largo del camino\u201d.<\/p>\n<p>Las guerras, la violencia, el individualismo, el peligro de da\u00f1os irreversibles al planeta, son tan fuertes que pareciera que hablar de esperanza fuera una locura. No debemos dejarnos vencer por el desaliento; la experiencia de la resurrecci\u00f3n de<\/p>\n<p>Jes\u00fas nos muestra d\u00f3nde est\u00e1 la \u00faltima palabra de la historia. \u201cSer peregrinos de esperanza y constructores de paz significa, entonces, fundar la propia existencia en la roca de la resurrecci\u00f3n de Cristo, sabiendo que cada compromiso contra\u00eddo, en la vocaci\u00f3n que hemos abrazado y llevamos adelante, no cae en saco roto.\u201d<\/p>\n<p>Concluye el Papa su Mensaje con un desaf\u00edo provocador: \u201cApasion\u00e9monos por la vida y compromet\u00e1monos en el cuidado amoroso de aquellos que est\u00e1n a nuestro lado y del ambiente donde vivimos. Se los repito: \u00a1tengan la valent\u00eda de involucrarse!\u201d.<\/p>\n<p>La semana pasada los obispos argentinos estuvimos reunidos en Pilar, en la provincia de Buenos Aires, para hablar de c\u00f3mo estamos en nuestras di\u00f3cesis y de varios temas m\u00e1s. Al finalizar emitimos un mensaje del que te quiero compartir unos p\u00e1rrafos:<\/p>\n<p>\u201cSon tiempos complejos, por momentos contradictorios, en los que conviven una esperanza y paciencia honda de nuestro pueblo, que habla de su grandeza de coraz\u00f3n, con una incertidumbre y una creciente vulnerabilidad de las personas. (\u2026)<\/p>\n<p>\u201dAmar a los dem\u00e1s\u2026 un amor con gestos, porque nuestros gestos son el modo de demostrarle a nuestro pueblo que entendemos su dolor. Advertir sus heridas y vivirlas en proximidad y cercan\u00eda. Tomar partido por los m\u00e1s fr\u00e1giles, defender su dignidad, implicarnos personalmente en sus gozos y esperanzas, en sus sufrimientos y problemas\u201d.<\/p>\n<p><span style=\"color: #993300;\"><strong><span style=\"color: #ff6600;\">Te dejo el link al documento completo, te invito a que lo leas:<\/span>\u00a0<\/strong><\/span><\/p>\n<p><a href=\"https:\/\/episcopado.org\/ver\/4173\">https:\/\/episcopado.org\/ver\/4173<\/a><\/p>\n<p>Las colectas que se realiza en las misas este fin de semana son dedicadas al sostenimiento econ\u00f3mico del Seminario. Se solicita generosidad.<\/p>\n<p><iframe loading=\"lazy\" title=\"SAN JUAN MONSE\u00d1OR JORGE LOZANO\" width=\"800\" height=\"450\" src=\"https:\/\/www.youtube.com\/embed\/TOUxRC0ax7o?feature=oembed\" frameborder=\"0\" allow=\"accelerometer; autoplay; clipboard-write; encrypted-media; gyroscope; picture-in-picture; web-share\" referrerpolicy=\"strict-origin-when-cross-origin\" allowfullscreen><\/iframe><\/p>\n","protected":false},"excerpt":{"rendered":"<p>Por el Arzobispo de San Juan de Cuyo, Monse\u00f1or Jorge Eduardo Lozano Si nos reconocemos en marcha sabemos que para<\/p>\n","protected":false},"author":3,"featured_media":20281,"comment_status":"closed","ping_status":"closed","sticky":false,"template":"","format":"standard","meta":{"_acf_changed":false,"_seopress_robots_primary_cat":"none","_seopress_titles_title":"","_seopress_titles_desc":"","_seopress_robots_index":"","colormag_page_container_layout":"default_layout","colormag_page_sidebar_layout":"default_layout","footnotes":""},"categories":[10,7],"tags":[],"class_list":["post-71511","post","type-post","status-publish","format-standard","has-post-thumbnail","hentry","category-opiniones","category-videos"],"acf":[],"_links":{"self":[{"href":"https:\/\/vocesparalelas.com.ar\/sitio\/wp-json\/wp\/v2\/posts\/71511","targetHints":{"allow":["GET"]}}],"collection":[{"href":"https:\/\/vocesparalelas.com.ar\/sitio\/wp-json\/wp\/v2\/posts"}],"about":[{"href":"https:\/\/vocesparalelas.com.ar\/sitio\/wp-json\/wp\/v2\/types\/post"}],"author":[{"embeddable":true,"href":"https:\/\/vocesparalelas.com.ar\/sitio\/wp-json\/wp\/v2\/users\/3"}],"replies":[{"embeddable":true,"href":"https:\/\/vocesparalelas.com.ar\/sitio\/wp-json\/wp\/v2\/comments?post=71511"}],"version-history":[{"count":2,"href":"https:\/\/vocesparalelas.com.ar\/sitio\/wp-json\/wp\/v2\/posts\/71511\/revisions"}],"predecessor-version":[{"id":71515,"href":"https:\/\/vocesparalelas.com.ar\/sitio\/wp-json\/wp\/v2\/posts\/71511\/revisions\/71515"}],"wp:featuredmedia":[{"embeddable":true,"href":"https:\/\/vocesparalelas.com.ar\/sitio\/wp-json\/wp\/v2\/media\/20281"}],"wp:attachment":[{"href":"https:\/\/vocesparalelas.com.ar\/sitio\/wp-json\/wp\/v2\/media?parent=71511"}],"wp:term":[{"taxonomy":"category","embeddable":true,"href":"https:\/\/vocesparalelas.com.ar\/sitio\/wp-json\/wp\/v2\/categories?post=71511"},{"taxonomy":"post_tag","embeddable":true,"href":"https:\/\/vocesparalelas.com.ar\/sitio\/wp-json\/wp\/v2\/tags?post=71511"}],"curies":[{"name":"wp","href":"https:\/\/api.w.org\/{rel}","templated":true}]}}