{"id":71501,"date":"2024-04-19T20:28:18","date_gmt":"2024-04-19T23:28:18","guid":{"rendered":"https:\/\/vocesparalelas.com.ar\/sitio\/?p=71501"},"modified":"2024-04-22T23:47:06","modified_gmt":"2024-04-23T02:47:06","slug":"cierre-definitivo-de-agua-negra-por-san-juan-argentina-a-chile-durante-el-invierno","status":"publish","type":"post","link":"https:\/\/vocesparalelas.com.ar\/sitio\/cierre-definitivo-de-agua-negra-por-san-juan-argentina-a-chile-durante-el-invierno\/","title":{"rendered":"Cierre definitivo de Agua Negra por San Juan, Argentina a Chile durante el invierno"},"content":{"rendered":"<p>Esta resoluci\u00f3n fue firmada y convenida por la comisi\u00f3n Internacional, conformada por autoridades argentinas, entre las que se encuentran representantes del Ministerio de Gobierno de San Juan, Rep\u00fablica Argentina y el pa\u00eds trasandino, Rep\u00fablica de Chile.<\/p>\n<p>El Paso de Agua Negra se mantuvo abierto desde el 20 de Noviembre de 2023 sin fecha prevista de finalizaci\u00f3n. La intenci\u00f3n de las autoridades fue darle la posibilidad a los turistas de transitar por el paso el mayor tiempo posible, hasta tanto las condiciones lo dispongan.<\/p>\n<p>Por ello, a partir de Jueves, 18 de Abril de 2024, se resolvi\u00f3 oficializar su cierre, en el marco de la \u00e9poca invernal, hasta que finalice la temporada y quede en condiciones para volver a transitar por el camino que conecta San Juan con el pa\u00eds vecino, Chile.<\/p>\n<p>Seg\u00fan los datos oficiales proporcionados por la Secretar\u00eda de Relaciones Institucionales,\u00a0por Agua Negra transitaron m\u00e1s de 46 mil personas, en una hist\u00f3rica temporada.<\/p>\n<p>&nbsp;<\/p>\n<p><img loading=\"lazy\" decoding=\"async\" class=\"alignnone size-full wp-image-59964\" src=\"https:\/\/vocesparalelas.com.ar\/sitio\/wp-content\/uploads\/2023\/06\/BANDERA-SAN-JUAN.jpg\" alt=\"\" width=\"800\" height=\"600\" srcset=\"https:\/\/vocesparalelas.com.ar\/sitio\/wp-content\/uploads\/2023\/06\/BANDERA-SAN-JUAN.jpg 800w, https:\/\/vocesparalelas.com.ar\/sitio\/wp-content\/uploads\/2023\/06\/BANDERA-SAN-JUAN-300x225.jpg 300w, https:\/\/vocesparalelas.com.ar\/sitio\/wp-content\/uploads\/2023\/06\/BANDERA-SAN-JUAN-768x576.jpg 768w\" sizes=\"auto, (max-width: 800px) 100vw, 800px\" \/><\/p>\n","protected":false},"excerpt":{"rendered":"<p>Esta resoluci\u00f3n fue firmada y convenida por la comisi\u00f3n Internacional, conformada por autoridades argentinas, entre las que se encuentran representantes<\/p>\n","protected":false},"author":3,"featured_media":71505,"comment_status":"closed","ping_status":"closed","sticky":false,"template":"","format":"standard","meta":{"_acf_changed":false,"_seopress_robots_primary_cat":"none","_seopress_titles_title":"","_seopress_titles_desc":"","_seopress_robots_index":"","colormag_page_container_layout":"default_layout","colormag_page_sidebar_layout":"default_layout","footnotes":""},"categories":[6],"tags":[],"class_list":["post-71501","post","type-post","status-publish","format-standard","has-post-thumbnail","hentry","category-eventos"],"acf":[],"_links":{"self":[{"href":"https:\/\/vocesparalelas.com.ar\/sitio\/wp-json\/wp\/v2\/posts\/71501","targetHints":{"allow":["GET"]}}],"collection":[{"href":"https:\/\/vocesparalelas.com.ar\/sitio\/wp-json\/wp\/v2\/posts"}],"about":[{"href":"https:\/\/vocesparalelas.com.ar\/sitio\/wp-json\/wp\/v2\/types\/post"}],"author":[{"embeddable":true,"href":"https:\/\/vocesparalelas.com.ar\/sitio\/wp-json\/wp\/v2\/users\/3"}],"replies":[{"embeddable":true,"href":"https:\/\/vocesparalelas.com.ar\/sitio\/wp-json\/wp\/v2\/comments?post=71501"}],"version-history":[{"count":1,"href":"https:\/\/vocesparalelas.com.ar\/sitio\/wp-json\/wp\/v2\/posts\/71501\/revisions"}],"predecessor-version":[{"id":71506,"href":"https:\/\/vocesparalelas.com.ar\/sitio\/wp-json\/wp\/v2\/posts\/71501\/revisions\/71506"}],"wp:featuredmedia":[{"embeddable":true,"href":"https:\/\/vocesparalelas.com.ar\/sitio\/wp-json\/wp\/v2\/media\/71505"}],"wp:attachment":[{"href":"https:\/\/vocesparalelas.com.ar\/sitio\/wp-json\/wp\/v2\/media?parent=71501"}],"wp:term":[{"taxonomy":"category","embeddable":true,"href":"https:\/\/vocesparalelas.com.ar\/sitio\/wp-json\/wp\/v2\/categories?post=71501"},{"taxonomy":"post_tag","embeddable":true,"href":"https:\/\/vocesparalelas.com.ar\/sitio\/wp-json\/wp\/v2\/tags?post=71501"}],"curies":[{"name":"wp","href":"https:\/\/api.w.org\/{rel}","templated":true}]}}