{"id":71465,"date":"2024-04-19T10:24:10","date_gmt":"2024-04-19T13:24:10","guid":{"rendered":"https:\/\/vocesparalelas.com.ar\/sitio\/?p=71465"},"modified":"2024-04-21T20:59:53","modified_gmt":"2024-04-21T23:59:53","slug":"un-30-se-reduce-la-alicuota-del-impuesto-del-automotor-en-san-juan","status":"publish","type":"post","link":"https:\/\/vocesparalelas.com.ar\/sitio\/un-30-se-reduce-la-alicuota-del-impuesto-del-automotor-en-san-juan\/","title":{"rendered":"Un 30% se reduce la al\u00edcuota del Impuesto del Automotor en San Juan"},"content":{"rendered":"<p>El Gobierno de San Jua, informa que se env\u00edo a la C\u00e1mara de Diputados de San Juan un proyecto de Ley por el cual se crea un r\u00e9gimen especial de regularizaci\u00f3n de obligaciones tributarias y por otro lado, una modificaci\u00f3n a la Ley Impositiva fiscal 2024 consistente en una reducci\u00f3n en la al\u00edcuota del impuesto a la erradicaci\u00f3n de los motores que pasa de una al\u00edcuota del 2,75% al 2%.<\/p>\n<p>De este modo, el objetivo es bajar cerca de 30% la al\u00edcuota general del Impuesto a la Radicaci\u00f3n del Automotor, de manera de mitigar el aumento que vendr\u00e1 en las boletas debido a la actualizaci\u00f3n que se hace a nivel nacional del valor de los veh\u00edculos.<\/p>\n<p>Como el aval\u00fao no es una variable que pueda modificar el Estado de San Juan, el gobernador Dr. Marcelo Orrego se propuso reducir la al\u00edcuota para bajar el impacto en la econom\u00eda familiar.<\/p>\n<p>Cabe destacar que la disminuci\u00f3n entra en vigencia en forma inmediata una vez aprobada la Ley en la C\u00e1mara de Diputados, de manera que tenga efecto en las boletas que est\u00e1n a punto de emitir la Direcci\u00f3n General de Rentas de San Juan. La mismas estar\u00e1n disponibles a partir de Mayo, mes para el que se corrieron los vencimientos de pago del impuesto.<\/p>\n<p><strong><span style=\"color: #ff6600;\">Moratoria<\/span><\/strong><\/p>\n<p>Por otro lado, se anunci\u00f3 un importante plan de moratoria. Con respecto al plan de regularizaci\u00f3n de las deudas tributarias, el beneficio consiste en si se hace un pago de contado y se adhiere dentro de los primeros 60 d\u00edas, hay una condonaci\u00f3n del 100% de los intereses resarcitorios y\/o punitorios.<\/p>\n<p>Asimismo si se regulariza dentro de los 60 d\u00edas y se accede a un plan de facilidad de pago, hay una condonaci\u00f3n del 30% de los intereses resarcitorios y si se accede entre los 61 d\u00edas y los 120 d\u00edas, hay una condonaci\u00f3n del 10% de los intereses resarcitorios y punitorios, adem\u00e1s de una condonaci\u00f3n de las multas por incumplimiento de las obligaciones formales y materiales al 31 de Diciembre de 2023.<\/p>\n<p>La forma de acceder a este plan de regularizaci\u00f3n es v\u00eda Web a trav\u00e9s de la p\u00e1gina de la Direcci\u00f3n General de Rentas de San Juan, las personas pueden acoger a este plan de regularizaci\u00f3n mediante un pago de contado con los beneficios que menciona anteriormente.<\/p>\n<p>Se lo hace a trav\u00e9s de un r\u00e9gimen de facilidad de pago, lo puede hacer en cuotas, si lo hace hasta en 5 cuotas no lleva inter\u00e9s de financiaci\u00f3n y si lo hace en m\u00e1s de 5 cuotas, tiene un 5% de inter\u00e9s mensual.<\/p>\n<p>El plan de moratoria para regularizar deudas tributarias alcanza a los impuestos:<\/p>\n<ul>\n<li>Inmobiliario,<\/li>\n<li>Automotor,<\/li>\n<li>Sellos,<\/li>\n<li>Ingresos Brutos.<\/li>\n<\/ul>\n<p><img loading=\"lazy\" decoding=\"async\" class=\"alignnone size-full wp-image-59964\" src=\"https:\/\/vocesparalelas.com.ar\/sitio\/wp-content\/uploads\/2023\/06\/BANDERA-SAN-JUAN.jpg\" alt=\"\" width=\"800\" height=\"600\" srcset=\"https:\/\/vocesparalelas.com.ar\/sitio\/wp-content\/uploads\/2023\/06\/BANDERA-SAN-JUAN.jpg 800w, https:\/\/vocesparalelas.com.ar\/sitio\/wp-content\/uploads\/2023\/06\/BANDERA-SAN-JUAN-300x225.jpg 300w, https:\/\/vocesparalelas.com.ar\/sitio\/wp-content\/uploads\/2023\/06\/BANDERA-SAN-JUAN-768x576.jpg 768w\" sizes=\"auto, (max-width: 800px) 100vw, 800px\" \/><\/p>\n","protected":false},"excerpt":{"rendered":"<p>El Gobierno de San Jua, informa que se env\u00edo a la C\u00e1mara de Diputados de San Juan un proyecto de<\/p>\n","protected":false},"author":3,"featured_media":65642,"comment_status":"closed","ping_status":"closed","sticky":false,"template":"","format":"standard","meta":{"_acf_changed":false,"_seopress_robots_primary_cat":"none","_seopress_titles_title":"","_seopress_titles_desc":"","_seopress_robots_index":"","colormag_page_container_layout":"default_layout","colormag_page_sidebar_layout":"default_layout","footnotes":""},"categories":[5],"tags":[],"class_list":["post-71465","post","type-post","status-publish","format-standard","has-post-thumbnail","hentry","category-ofrecimientos"],"acf":[],"_links":{"self":[{"href":"https:\/\/vocesparalelas.com.ar\/sitio\/wp-json\/wp\/v2\/posts\/71465","targetHints":{"allow":["GET"]}}],"collection":[{"href":"https:\/\/vocesparalelas.com.ar\/sitio\/wp-json\/wp\/v2\/posts"}],"about":[{"href":"https:\/\/vocesparalelas.com.ar\/sitio\/wp-json\/wp\/v2\/types\/post"}],"author":[{"embeddable":true,"href":"https:\/\/vocesparalelas.com.ar\/sitio\/wp-json\/wp\/v2\/users\/3"}],"replies":[{"embeddable":true,"href":"https:\/\/vocesparalelas.com.ar\/sitio\/wp-json\/wp\/v2\/comments?post=71465"}],"version-history":[{"count":1,"href":"https:\/\/vocesparalelas.com.ar\/sitio\/wp-json\/wp\/v2\/posts\/71465\/revisions"}],"predecessor-version":[{"id":71468,"href":"https:\/\/vocesparalelas.com.ar\/sitio\/wp-json\/wp\/v2\/posts\/71465\/revisions\/71468"}],"wp:featuredmedia":[{"embeddable":true,"href":"https:\/\/vocesparalelas.com.ar\/sitio\/wp-json\/wp\/v2\/media\/65642"}],"wp:attachment":[{"href":"https:\/\/vocesparalelas.com.ar\/sitio\/wp-json\/wp\/v2\/media?parent=71465"}],"wp:term":[{"taxonomy":"category","embeddable":true,"href":"https:\/\/vocesparalelas.com.ar\/sitio\/wp-json\/wp\/v2\/categories?post=71465"},{"taxonomy":"post_tag","embeddable":true,"href":"https:\/\/vocesparalelas.com.ar\/sitio\/wp-json\/wp\/v2\/tags?post=71465"}],"curies":[{"name":"wp","href":"https:\/\/api.w.org\/{rel}","templated":true}]}}