{"id":71415,"date":"2024-04-17T22:48:20","date_gmt":"2024-04-18T01:48:20","guid":{"rendered":"https:\/\/vocesparalelas.com.ar\/sitio\/?p=71415"},"modified":"2024-04-17T23:49:02","modified_gmt":"2024-04-18T02:49:02","slug":"dia-mundial-del-malbec-en-san-juan","status":"publish","type":"post","link":"https:\/\/vocesparalelas.com.ar\/sitio\/dia-mundial-del-malbec-en-san-juan\/","title":{"rendered":"D\u00eda Mundial del Malbec en San Juan"},"content":{"rendered":"<p>San Juan rindi\u00f3 con distintas actividades el D\u00eda Mundial del Malbec con Degustaciones, show art\u00edsticos, productos regionales y gourmet fueron algunas de las atracciones que disfrut\u00f3 el p\u00fablico que acudi\u00f3 al And\u00e9n de la ex Estaci\u00f3n San Mart\u00edn.<\/p>\n<p>La uva insignia de Argentina tuvo su festejo en el que form\u00f3 parte la familia de San Juan con la degustaci\u00f3n abierta al p\u00fablico por parte de 31 bodegas locales en la que expusieron toda la gama de varietales de Malbec.<\/p>\n<p>La gente que se acerc\u00f3 al disfrutaron de show art\u00edsticos en vivo de la Delegaci\u00f3n de la municipalidad de Angaco, el Ballet Municipal, Nahuel Jord\u00e1, Pasi\u00f3n Tango del director Gast\u00f3n Rodr\u00edguez, La Nota y Rumba cami\u00f3n.<\/p>\n<p>Adem\u00e1s, los presentes tuvieron la oportunidad de probar y comprar productos regionales y gourmet que est\u00e1n relacionados a la uva que mejor se adapta al suelo y clima del pa\u00eds.<\/p>\n<p>Estuvieron presentes los ministros de Producci\u00f3n, Trabajo e Innovaci\u00f3n, CPN Gustavo Fern\u00e1ndez, de Turismo, Cultura y Deporte, Dr. Guido Romero, la intendente de la Municipalidad de la Ciudad Capital, Dra. Susana Laciar y los diputados provinciales Dr. Juan de la Cruz C\u00f3rdoba, Enzo Cornejo y Alejandra Leonardo. Adem\u00e1s, acompa\u00f1aron, secretarios y directores de ambas carteras, concejales e invitados especiales.<\/p>\n<p>Es importante se\u00f1alar que este evento forma parte de los festejos de la Semana del Malbec que inici\u00f3 el Viernes, 12\u00a0 y finaliza el Domingo, 21 de Abril.<\/p>\n<p>La gama de actividades est\u00e1n organizadas en conjunto por el Ministerio de Producci\u00f3n, Trabajo e Innovaci\u00f3n y el Ministerio de Turismo, Cultura y Deportes del Gobierno de San Juan.<\/p>\n<p><img loading=\"lazy\" decoding=\"async\" class=\"alignnone size-full wp-image-71419\" src=\"https:\/\/vocesparalelas.com.ar\/sitio\/wp-content\/uploads\/2024\/04\/DIA-MUNDIAL-MARBEC-02.jpg\" alt=\"\" width=\"800\" height=\"533\" srcset=\"https:\/\/vocesparalelas.com.ar\/sitio\/wp-content\/uploads\/2024\/04\/DIA-MUNDIAL-MARBEC-02.jpg 800w, https:\/\/vocesparalelas.com.ar\/sitio\/wp-content\/uploads\/2024\/04\/DIA-MUNDIAL-MARBEC-02-300x200.jpg 300w, https:\/\/vocesparalelas.com.ar\/sitio\/wp-content\/uploads\/2024\/04\/DIA-MUNDIAL-MARBEC-02-768x512.jpg 768w\" sizes=\"auto, (max-width: 800px) 100vw, 800px\" \/><\/p>\n","protected":false},"excerpt":{"rendered":"<p>San Juan rindi\u00f3 con distintas actividades el D\u00eda Mundial del Malbec con Degustaciones, show art\u00edsticos, productos regionales y gourmet fueron<\/p>\n","protected":false},"author":3,"featured_media":71418,"comment_status":"closed","ping_status":"closed","sticky":false,"template":"","format":"standard","meta":{"_acf_changed":false,"_seopress_robots_primary_cat":"none","_seopress_titles_title":"","_seopress_titles_desc":"","_seopress_robots_index":"","colormag_page_container_layout":"default_layout","colormag_page_sidebar_layout":"default_layout","footnotes":""},"categories":[1],"tags":[],"class_list":["post-71415","post","type-post","status-publish","format-standard","has-post-thumbnail","hentry","category-destacadas"],"acf":[],"_links":{"self":[{"href":"https:\/\/vocesparalelas.com.ar\/sitio\/wp-json\/wp\/v2\/posts\/71415","targetHints":{"allow":["GET"]}}],"collection":[{"href":"https:\/\/vocesparalelas.com.ar\/sitio\/wp-json\/wp\/v2\/posts"}],"about":[{"href":"https:\/\/vocesparalelas.com.ar\/sitio\/wp-json\/wp\/v2\/types\/post"}],"author":[{"embeddable":true,"href":"https:\/\/vocesparalelas.com.ar\/sitio\/wp-json\/wp\/v2\/users\/3"}],"replies":[{"embeddable":true,"href":"https:\/\/vocesparalelas.com.ar\/sitio\/wp-json\/wp\/v2\/comments?post=71415"}],"version-history":[{"count":1,"href":"https:\/\/vocesparalelas.com.ar\/sitio\/wp-json\/wp\/v2\/posts\/71415\/revisions"}],"predecessor-version":[{"id":71420,"href":"https:\/\/vocesparalelas.com.ar\/sitio\/wp-json\/wp\/v2\/posts\/71415\/revisions\/71420"}],"wp:featuredmedia":[{"embeddable":true,"href":"https:\/\/vocesparalelas.com.ar\/sitio\/wp-json\/wp\/v2\/media\/71418"}],"wp:attachment":[{"href":"https:\/\/vocesparalelas.com.ar\/sitio\/wp-json\/wp\/v2\/media?parent=71415"}],"wp:term":[{"taxonomy":"category","embeddable":true,"href":"https:\/\/vocesparalelas.com.ar\/sitio\/wp-json\/wp\/v2\/categories?post=71415"},{"taxonomy":"post_tag","embeddable":true,"href":"https:\/\/vocesparalelas.com.ar\/sitio\/wp-json\/wp\/v2\/tags?post=71415"}],"curies":[{"name":"wp","href":"https:\/\/api.w.org\/{rel}","templated":true}]}}