{"id":71410,"date":"2024-04-17T22:20:39","date_gmt":"2024-04-18T01:20:39","guid":{"rendered":"https:\/\/vocesparalelas.com.ar\/sitio\/?p=71410"},"modified":"2024-04-17T22:29:37","modified_gmt":"2024-04-18T01:29:37","slug":"premiaron-a-bodegas-de-san-juan-en-el-dia-internacional-del-malbec","status":"publish","type":"post","link":"https:\/\/vocesparalelas.com.ar\/sitio\/premiaron-a-bodegas-de-san-juan-en-el-dia-internacional-del-malbec\/","title":{"rendered":"Premiaron a Bodegas de San Juan en el D\u00eda internacional del Malbec"},"content":{"rendered":"<p>En el marco del D\u00eda internacional del Malbec, el Ministerio de Turismo, Cultura y Deporte junto al Ministerio de Producci\u00f3n, Trabajo e Innovaci\u00f3n del Gobierno de San Juan, destacaron a los integrantes de la Ruta del Vino en su labor como productores y promotores de los vinos sanjuaninos.<\/p>\n<p>Para la entrega de los reconocimientos, se realiz\u00f3 un acto presidido por el Vicegobernador, Dr. Fabi\u00e1n Martin; acompa\u00f1ado por el Ministro de Turismo, Cultura y Deporte, Dr. Guido Romero; el Ministro de Producci\u00f3n, Trabajo e Innovaci\u00f3n, CPN Gustavo Fern\u00e1ndez; la Secretaria de Turismo, Bel\u00e9n Barboza; el Subsecretario de Turismo, Juan Casta\u00f1ares y el Presidente de la C\u00e1mara de Bodegueros, Mauricio Colom\u00e9 y la subsecretaria General de Coordinaci\u00f3n Cultural, Marcela Zegaib.<\/p>\n<p>En este contexto, el Vicegobernador, Dr. Fabi\u00e1n Mart\u00edn destac\u00f3 que \u00abla industria del vino y explic\u00f3 que \u201cla actividad de la vitivinicultura es una tradici\u00f3n que en San Juan se va pasando de generaci\u00f3n en generaci\u00f3n. Es algo que lo tenemos arraigado en nuestra cultura, es una industria fundamental en San Juan y viene un cambio de \u00e9poca donde se potenciar\u00e1 y apoyar\u00e1 la actividad privada a trav\u00e9s de diferentes herramientas que el Gobierno de San Juan brindar\u00e1 a los sanjuaninos\u201d.<\/p>\n<p>Durante el acto, la C\u00e1mara de Diputados de San Juan entreg\u00f3 la declaraci\u00f3n de inter\u00e9s tur\u00edstico y cultural de todas las actividades que se lleven a cabo en referencia al D\u00eda Internacional del Malbec. La entrega la realiz\u00f3 la diputada Mar\u00eda Rita Lascano.<\/p>\n<p>El Malbec, oriundo de la regi\u00f3n de Burdeos, en Francia, y proveniente de un antiguo cruzamiento de Magdeleine noir y Prunelard, es la variedad emblem\u00e1tica de la producci\u00f3n vitivin\u00edcola argentina. Este cepaje muestra particularidades distintas a las de su lugar de origen, que se deben a las diferencias de clima y suelo, caracter\u00edsticas gen\u00e9ticas de las plantas, manejo del vi\u00f1edo y m\u00e9todos de elaboraci\u00f3n del vino. El Malbec argentino permite lograr excelentes vinos que son apreciados y reconocidos por los consumidores a nivel nacional e internacional.<\/p>\n<p>Por su parte, el Ministro de producci\u00f3n, Trabajo e Innovaci\u00f3n, CPN Gustavo Fern\u00e1ndez remarc\u00f3 que \u00abla importancia de trabajar interdisciplinariamente con los ministerios y las c\u00e1maras, \u00abponer en valor la vitivinicultura de san Juan y recuperar la identidad. Somos el segundo productor y exportador de vino en el pa\u00eds, nuestras capacidades productivas son amplias y para salir al mundo tenemos que estar convencidos del potencial que tenemos\u201d.<\/p>\n<p>Luego, el el Ministro de Turismo, Cultura y Deporte, Dr. Guido Romero expres\u00f3 que \u00abdiagramar tareas en conjunto con la c\u00e1mara de bodegueros, armar actividades entre lo p\u00fablico y lo privado es fundamental para potenciar la provincia. Para San Juan el Malbec es un producto emblema ya que ha crecido su producci\u00f3n y la ruta de vino es un producto que tracciona muchos turistas que disfrutan de todo lo que implica con la cultura, la gastronom\u00eda y las tradiciones\u201d, asegur\u00f3.<\/p>\n<p>Finalmente, el Presidente de la C\u00e1mara de Bodegueros, Mauricio Colom\u00e9 se\u00f1al\u00f3 que \u00abnos sentimos halagados y este d\u00eda es una fiesta para la vitiviniculturas de argentina. Somos proveedores de vinos excepcionales para el mercado interno y externo. Hay mucho m\u00e1s para gustar, el Malbec nos abri\u00f3 las puertas, pero podemos segu\u00eds creciendo y conquistando mercados con otros cepajes. Contamos con una amplia variedad de marcas y tenemos mucho por recorrer con el potencial de san Juan\u201d.<\/p>\n<p><span style=\"color: #993366;\"><strong>Las bodegas reconocidas<\/strong><\/span><\/p>\n<ul>\n<li>Museo Bodega Santiago Graffigna,<\/li>\n<li>Bodega Hagmann,<\/li>\n<li>Bodega Merced del Estero,<\/li>\n<li>Bodegas Callia,<\/li>\n<li>Bodega y Vi\u00f1edos Argus,<\/li>\n<li>Bodega Augusto Pulenta,<\/li>\n<li>Bodegas B\u00f3rbore,<\/li>\n<li>Bodega Putruele,<\/li>\n<li>R\u00edo Piedras Finca y Bodega,<\/li>\n<li>Casa Vin\u00edcola El Milagro,<\/li>\n<li>Romano pin,<\/li>\n<li>Champa\u00f1era Miguel M\u00e1s,<\/li>\n<li>Fabril Alto Verde,<\/li>\n<li>Bodegas Las Marianas,<\/li>\n<li>Bodega Boutique Vi\u00f1as de Segisa,<\/li>\n<li>Marale Wines,<\/li>\n<li>Bodega La Ejemplar,<\/li>\n<li>Vinos Higinio,<\/li>\n<li>Finca Sierras Azules,<\/li>\n<li>Apotema,<\/li>\n<li>Vi\u00f1as y Bodegas Graffigna Yanz\u00f3n,<\/li>\n<li>Guarida del Malbec,<\/li>\n<li>Finca Don Antonio,<\/li>\n<li>Entre Tapias,<\/li>\n<li>Finca Alta Bonanza de los Andes,<\/li>\n<li>Bodegas del Carmen,<\/li>\n<li>Cinco Vinos,<\/li>\n<li>Cara Sur,<\/li>\n<li>Finca Los Dragones,<\/li>\n<li>Finca Bas\u00edn y<\/li>\n<li>La Baguala.<\/li>\n<\/ul>\n","protected":false},"excerpt":{"rendered":"<p>En el marco del D\u00eda internacional del Malbec, el Ministerio de Turismo, Cultura y Deporte junto al Ministerio de Producci\u00f3n,<\/p>\n","protected":false},"author":3,"featured_media":71413,"comment_status":"closed","ping_status":"closed","sticky":false,"template":"","format":"standard","meta":{"_acf_changed":false,"_seopress_robots_primary_cat":"none","_seopress_titles_title":"","_seopress_titles_desc":"","_seopress_robots_index":"","colormag_page_container_layout":"default_layout","colormag_page_sidebar_layout":"default_layout","footnotes":""},"categories":[1],"tags":[],"class_list":["post-71410","post","type-post","status-publish","format-standard","has-post-thumbnail","hentry","category-destacadas"],"acf":[],"_links":{"self":[{"href":"https:\/\/vocesparalelas.com.ar\/sitio\/wp-json\/wp\/v2\/posts\/71410","targetHints":{"allow":["GET"]}}],"collection":[{"href":"https:\/\/vocesparalelas.com.ar\/sitio\/wp-json\/wp\/v2\/posts"}],"about":[{"href":"https:\/\/vocesparalelas.com.ar\/sitio\/wp-json\/wp\/v2\/types\/post"}],"author":[{"embeddable":true,"href":"https:\/\/vocesparalelas.com.ar\/sitio\/wp-json\/wp\/v2\/users\/3"}],"replies":[{"embeddable":true,"href":"https:\/\/vocesparalelas.com.ar\/sitio\/wp-json\/wp\/v2\/comments?post=71410"}],"version-history":[{"count":1,"href":"https:\/\/vocesparalelas.com.ar\/sitio\/wp-json\/wp\/v2\/posts\/71410\/revisions"}],"predecessor-version":[{"id":71414,"href":"https:\/\/vocesparalelas.com.ar\/sitio\/wp-json\/wp\/v2\/posts\/71410\/revisions\/71414"}],"wp:featuredmedia":[{"embeddable":true,"href":"https:\/\/vocesparalelas.com.ar\/sitio\/wp-json\/wp\/v2\/media\/71413"}],"wp:attachment":[{"href":"https:\/\/vocesparalelas.com.ar\/sitio\/wp-json\/wp\/v2\/media?parent=71410"}],"wp:term":[{"taxonomy":"category","embeddable":true,"href":"https:\/\/vocesparalelas.com.ar\/sitio\/wp-json\/wp\/v2\/categories?post=71410"},{"taxonomy":"post_tag","embeddable":true,"href":"https:\/\/vocesparalelas.com.ar\/sitio\/wp-json\/wp\/v2\/tags?post=71410"}],"curies":[{"name":"wp","href":"https:\/\/api.w.org\/{rel}","templated":true}]}}