{"id":71399,"date":"2024-04-19T22:11:48","date_gmt":"2024-04-20T01:11:48","guid":{"rendered":"https:\/\/vocesparalelas.com.ar\/sitio\/?p=71399"},"modified":"2024-04-22T23:45:55","modified_gmt":"2024-04-23T02:45:55","slug":"marcha-federal-universitaria-en-defensa-de-la-universidad-nacional-publica-en-san-juan","status":"publish","type":"post","link":"https:\/\/vocesparalelas.com.ar\/sitio\/marcha-federal-universitaria-en-defensa-de-la-universidad-nacional-publica-en-san-juan\/","title":{"rendered":"Marcha Federal Universitaria en Defensa de la Universidad Nacional P\u00fablica en San Juan"},"content":{"rendered":"<p>En adhesi\u00f3n a la convocatoria a la Marcha Federal Universitaria, realizada por el Consejo Interuniversitario Nacional &#8211; CIN. En San Juan el Martes, 23 de Abril, a las 17 hs., la comunidad de la Universidad Nacional de San Juan se concentra frente al edificio de la Facultad de Filosof\u00eda, Humanidades y Artes de la UNSJ, Ignacio de la Roza y Sarmiento, para luego, marchar hasta el Edificio Central Rectorado, Mitre y Jujuy.<\/p>\n<p>Tanto las organizaciones estudiantiles como los gremios que agrupan a docentes y nodocentes participan de esta convocatoria, por lo que se espera una importante concurrencia a la marcha, del p\u00fablico en general.<\/p>\n<p>El Rector de la UNS, Ing. Tadeo Berenguer en la Reuni\u00f3n del Consejo Superior defendi\u00f3 las Universidades Nacionales tal como se lo revaloriz\u00f3 en la reuni\u00f3n del CIN.<\/p>\n<p><iframe loading=\"lazy\" title=\"UNSJ RECTOR ING TADEO BERENGUER\" width=\"800\" height=\"450\" src=\"https:\/\/www.youtube.com\/embed\/4IbRHgWnezg?feature=oembed\" frameborder=\"0\" allow=\"accelerometer; autoplay; clipboard-write; encrypted-media; gyroscope; picture-in-picture; web-share\" referrerpolicy=\"strict-origin-when-cross-origin\" allowfullscreen><\/iframe><\/p>\n<p>Luego, el Rector de la UNS, Ing. Tadeo Berenguer\u00a0 invit\u00f3 a la comunidad universitaria al p\u00fablico en general caminar en defensa de la Universidades Nacionales, es la defensa de la Educaci\u00f3n Universidad que aporta saberes a la sociedad de San Juan.<\/p>\n<p><iframe loading=\"lazy\" title=\"UNSJ RECTOR ING TADEO BERENGUER\" width=\"800\" height=\"450\" src=\"https:\/\/www.youtube.com\/embed\/_4VFYywkLSI?feature=oembed\" frameborder=\"0\" allow=\"accelerometer; autoplay; clipboard-write; encrypted-media; gyroscope; picture-in-picture; web-share\" referrerpolicy=\"strict-origin-when-cross-origin\" allowfullscreen><\/iframe><\/p>\n<p>Las Universidades Nacionales P\u00fablicas de Argentina est\u00e1n organizando para la misma fecha distintas marchas en sus ciudades de origen.<\/p>\n<p><img loading=\"lazy\" decoding=\"async\" class=\"alignnone size-large wp-image-14129\" src=\"https:\/\/vocesparalelas.com.ar\/sitio\/wp-content\/uploads\/2018\/08\/UNSJ-MARCHA-01-800x534.jpg\" alt=\"\" width=\"800\" height=\"534\" srcset=\"https:\/\/vocesparalelas.com.ar\/sitio\/wp-content\/uploads\/2018\/08\/UNSJ-MARCHA-01-800x534.jpg 800w, https:\/\/vocesparalelas.com.ar\/sitio\/wp-content\/uploads\/2018\/08\/UNSJ-MARCHA-01-300x200.jpg 300w, https:\/\/vocesparalelas.com.ar\/sitio\/wp-content\/uploads\/2018\/08\/UNSJ-MARCHA-01-768x512.jpg 768w, https:\/\/vocesparalelas.com.ar\/sitio\/wp-content\/uploads\/2018\/08\/UNSJ-MARCHA-01.jpg 1000w\" sizes=\"auto, (max-width: 800px) 100vw, 800px\" \/><\/p>\n<p>&nbsp;<\/p>\n<p>&nbsp;<\/p>\n","protected":false},"excerpt":{"rendered":"<p>En adhesi\u00f3n a la convocatoria a la Marcha Federal Universitaria, realizada por el Consejo Interuniversitario Nacional &#8211; CIN. En San<\/p>\n","protected":false},"author":3,"featured_media":43958,"comment_status":"closed","ping_status":"closed","sticky":false,"template":"","format":"standard","meta":{"_acf_changed":false,"_seopress_robots_primary_cat":"none","_seopress_titles_title":"","_seopress_titles_desc":"","_seopress_robots_index":"","colormag_page_container_layout":"default_layout","colormag_page_sidebar_layout":"default_layout","footnotes":""},"categories":[10,7],"tags":[],"class_list":["post-71399","post","type-post","status-publish","format-standard","has-post-thumbnail","hentry","category-opiniones","category-videos"],"acf":[],"_links":{"self":[{"href":"https:\/\/vocesparalelas.com.ar\/sitio\/wp-json\/wp\/v2\/posts\/71399","targetHints":{"allow":["GET"]}}],"collection":[{"href":"https:\/\/vocesparalelas.com.ar\/sitio\/wp-json\/wp\/v2\/posts"}],"about":[{"href":"https:\/\/vocesparalelas.com.ar\/sitio\/wp-json\/wp\/v2\/types\/post"}],"author":[{"embeddable":true,"href":"https:\/\/vocesparalelas.com.ar\/sitio\/wp-json\/wp\/v2\/users\/3"}],"replies":[{"embeddable":true,"href":"https:\/\/vocesparalelas.com.ar\/sitio\/wp-json\/wp\/v2\/comments?post=71399"}],"version-history":[{"count":4,"href":"https:\/\/vocesparalelas.com.ar\/sitio\/wp-json\/wp\/v2\/posts\/71399\/revisions"}],"predecessor-version":[{"id":71449,"href":"https:\/\/vocesparalelas.com.ar\/sitio\/wp-json\/wp\/v2\/posts\/71399\/revisions\/71449"}],"wp:featuredmedia":[{"embeddable":true,"href":"https:\/\/vocesparalelas.com.ar\/sitio\/wp-json\/wp\/v2\/media\/43958"}],"wp:attachment":[{"href":"https:\/\/vocesparalelas.com.ar\/sitio\/wp-json\/wp\/v2\/media?parent=71399"}],"wp:term":[{"taxonomy":"category","embeddable":true,"href":"https:\/\/vocesparalelas.com.ar\/sitio\/wp-json\/wp\/v2\/categories?post=71399"},{"taxonomy":"post_tag","embeddable":true,"href":"https:\/\/vocesparalelas.com.ar\/sitio\/wp-json\/wp\/v2\/tags?post=71399"}],"curies":[{"name":"wp","href":"https:\/\/api.w.org\/{rel}","templated":true}]}}