{"id":71370,"date":"2024-04-16T21:07:14","date_gmt":"2024-04-17T00:07:14","guid":{"rendered":"https:\/\/vocesparalelas.com.ar\/sitio\/?p=71370"},"modified":"2024-04-17T00:07:28","modified_gmt":"2024-04-17T03:07:28","slug":"el-presidente-de-la-federacion-de-comunidades-judias-en-argentina-eliahu-hamra-en-san-juan","status":"publish","type":"post","link":"https:\/\/vocesparalelas.com.ar\/sitio\/el-presidente-de-la-federacion-de-comunidades-judias-en-argentina-eliahu-hamra-en-san-juan\/","title":{"rendered":"El Presidente de la Federaci\u00f3n de Comunidades Jud\u00edas en Argentina, Eliahu Hamra en San Juan"},"content":{"rendered":"<p>El gobernador de San Juan, Dr. Marcelo Orrego, en dependencias de Casa de Gobierno, recibi\u00f3 al presidente de la Federaci\u00f3n de Comunidades Jud\u00edas en Argentina, Eliahu Hamra.<\/p>\n<p>El encuentro se dio en el marco del 30\u00ba aniversario de la conmemoraci\u00f3n del 30\u00ba aniversario del atentado a la AMIA.<\/p>\n<p>Acompa\u00f1aron adem\u00e1s, la ministra de Gobierno, Dra. Laura Palma; el ministro de Turismo, Cultura y Deporte, Dr. Guido Romero, la secretaria de Relaciones Institucionales, Claudia Sarmiento, Ing. Graciela Kalejman secretaria General de la Comisi\u00f3n Directiva de la Sociedad Israelita de Beneficencia de San Juan; el Dr. Leonardo Sierer, miembro de la Comisi\u00f3n Directiva.<\/p>\n<p>Luego de la reuni\u00f3n, Eliahu Hamra destac\u00f3 que \u00abvenimos con el objetivo de invitar al gobernador a una acci\u00f3n federal, un homenaje de memoria por los 30 a\u00f1os del atentado a la AMIA que vamos a cumplir este a\u00f1o\u00bb.<\/p>\n<p>\u00abLe agradecimos personalmente el apoyo a la comunidad. Estamos muy orgullosos de visitar a Orrego y esperemos que de esta reuni\u00f3n salgan muchas cosas buenas\u00bb.<\/p>\n<p><iframe loading=\"lazy\" title=\"El gobernador se reuni\u00f3 con el presidente de la Federaci\u00f3n de Comunidades Jud\u00edas en Argentina\" width=\"800\" height=\"450\" src=\"https:\/\/www.youtube.com\/embed\/iEqmFLGek4w?feature=oembed\" frameborder=\"0\" allow=\"accelerometer; autoplay; clipboard-write; encrypted-media; gyroscope; picture-in-picture; web-share\" referrerpolicy=\"strict-origin-when-cross-origin\" allowfullscreen><\/iframe><\/p>\n<p>&nbsp;<\/p>\n","protected":false},"excerpt":{"rendered":"<p>El gobernador de San Juan, Dr. Marcelo Orrego, en dependencias de Casa de Gobierno, recibi\u00f3 al presidente de la Federaci\u00f3n<\/p>\n","protected":false},"author":3,"featured_media":71373,"comment_status":"closed","ping_status":"closed","sticky":false,"template":"","format":"standard","meta":{"_acf_changed":false,"_seopress_robots_primary_cat":"none","_seopress_titles_title":"","_seopress_titles_desc":"","_seopress_robots_index":"","colormag_page_container_layout":"default_layout","colormag_page_sidebar_layout":"default_layout","footnotes":""},"categories":[1,7],"tags":[],"class_list":["post-71370","post","type-post","status-publish","format-standard","has-post-thumbnail","hentry","category-destacadas","category-videos"],"acf":[],"_links":{"self":[{"href":"https:\/\/vocesparalelas.com.ar\/sitio\/wp-json\/wp\/v2\/posts\/71370","targetHints":{"allow":["GET"]}}],"collection":[{"href":"https:\/\/vocesparalelas.com.ar\/sitio\/wp-json\/wp\/v2\/posts"}],"about":[{"href":"https:\/\/vocesparalelas.com.ar\/sitio\/wp-json\/wp\/v2\/types\/post"}],"author":[{"embeddable":true,"href":"https:\/\/vocesparalelas.com.ar\/sitio\/wp-json\/wp\/v2\/users\/3"}],"replies":[{"embeddable":true,"href":"https:\/\/vocesparalelas.com.ar\/sitio\/wp-json\/wp\/v2\/comments?post=71370"}],"version-history":[{"count":1,"href":"https:\/\/vocesparalelas.com.ar\/sitio\/wp-json\/wp\/v2\/posts\/71370\/revisions"}],"predecessor-version":[{"id":71374,"href":"https:\/\/vocesparalelas.com.ar\/sitio\/wp-json\/wp\/v2\/posts\/71370\/revisions\/71374"}],"wp:featuredmedia":[{"embeddable":true,"href":"https:\/\/vocesparalelas.com.ar\/sitio\/wp-json\/wp\/v2\/media\/71373"}],"wp:attachment":[{"href":"https:\/\/vocesparalelas.com.ar\/sitio\/wp-json\/wp\/v2\/media?parent=71370"}],"wp:term":[{"taxonomy":"category","embeddable":true,"href":"https:\/\/vocesparalelas.com.ar\/sitio\/wp-json\/wp\/v2\/categories?post=71370"},{"taxonomy":"post_tag","embeddable":true,"href":"https:\/\/vocesparalelas.com.ar\/sitio\/wp-json\/wp\/v2\/tags?post=71370"}],"curies":[{"name":"wp","href":"https:\/\/api.w.org\/{rel}","templated":true}]}}