{"id":71325,"date":"2024-04-15T20:00:05","date_gmt":"2024-04-15T23:00:05","guid":{"rendered":"https:\/\/vocesparalelas.com.ar\/sitio\/?p=71325"},"modified":"2024-04-16T01:21:26","modified_gmt":"2024-04-16T04:21:26","slug":"el-embajador-de-alemania-en-la-republica-argentina-dieter-lamle-en-san-juan","status":"publish","type":"post","link":"https:\/\/vocesparalelas.com.ar\/sitio\/el-embajador-de-alemania-en-la-republica-argentina-dieter-lamle-en-san-juan\/","title":{"rendered":"El embajador de Alemania en la Rep\u00fablica Argentina, Dieter Laml\u00e9 en San Juan"},"content":{"rendered":"<p>El gobernador de San Juan, Dr. Marcelo Orrego recibi\u00f3 la visita del embajador de Alemania en la Rep\u00fablica Argentina, Dieter Laml\u00e9, quien tiene inter\u00e9s por la agricultura, la energ\u00eda y por la participaci\u00f3n de empresarios alemanes en la Feria minera en San Juan.<\/p>\n<p>Lo acompa\u00f1aron los ministros de Gobierno, Dra. Laura Palma; de Producci\u00f3n, Trabajo e Innovaci\u00f3n, CPN Gustavo Fern\u00e1ndez; de Turismo, Cultura y Deporte, Dr. Guido Romero; de Infraestructura, Agua y Energ\u00eda, Fernando Perea; de Miner\u00eda, Dr. Juan Pablo Perea; secretaria de Relaciones Institucionales, Claudia Sarmiento e invitados especiales.<\/p>\n<p>Durante el encuentro, que tuvo lugar en Casa de Gobierno, los mandatarios conversaron sobre los recursos de la provincia en cuanto a agricultura, energ\u00eda y miner\u00eda y la posibilidad de entablar un intercambio con ese pa\u00eds.<\/p>\n<p>Posteriormente, se ley\u00f3 el decreto que lo declara Hu\u00e9sped de Honor mientras dure su estad\u00eda en la provincia y el gobernador le obsequi\u00f3 una r\u00e9plica del Escudo Provincial y productos del suelo sanjuanino.<\/p>\n<p>Por ello, el embajador de Alemania en la Rep\u00fablica Argentina, Dieter Laml\u00e9 expres\u00f3 que \u00abfue una visita muy importante la que hicimos al gobernador. Un encuentro intenso y muy fruct\u00edfero, donde hablamos de los aspectos principales que pueden unir Alemania con San Juan\u201d.<\/p>\n<p>\u00abUstedes tienen todo lo que nosotros necesitamos en agricultura, energ\u00eda, miner\u00eda, lo que convertir\u00eda a \u00e9sta provincia en un socio estrat\u00e9gico y muy conveniente para Alemania. En ese camino vamos a trabajar\u201d.<\/p>\n<p>\u00abVendremos a la Feria de Miner\u00eda 2024 en May en San Juan, donde empresas alemanas participar\u00e1n y tendremos la presencia de la C\u00e1mara de Comercio Argentina Alemana, que est\u00e1 en Buenos Aires y se trasladar\u00e1 hasta San Juan. Este movimiento ser\u00e1 de gran utilidad para mi pa\u00eds\u201d &#8211; concluy\u00f3 el embajador de Alemania en la Rep\u00fablica Argentina, Dieter Laml\u00e9.<\/p>\n<p><iframe loading=\"lazy\" title=\"Orrego recibi\u00f3 la visita del embajador de Alemania\" width=\"800\" height=\"450\" src=\"https:\/\/www.youtube.com\/embed\/q3fe9utnUzs?feature=oembed\" frameborder=\"0\" allow=\"accelerometer; autoplay; clipboard-write; encrypted-media; gyroscope; picture-in-picture; web-share\" referrerpolicy=\"strict-origin-when-cross-origin\" allowfullscreen><\/iframe><\/p>\n<p><strong><span style=\"color: #ff6600;\">Sobre Dieter Laml\u00e9<\/span><\/strong><\/p>\n<p>El Embajador Dieter Laml\u00e9 asumi\u00f3 el rol de Embajador de Alemania en Argentina, trayendo consigo una rica trayectoria diplom\u00e1tica en la promoci\u00f3n de relaciones internacionales.<br \/>\nSu designaci\u00f3n refuerza el compromiso de fortalecer los v\u00ednculos entre Alemania y Argentina y prometi\u00f3 impulsar la colaboraci\u00f3n en diversas esferas.<\/p>\n<p>Nacido en 1960 en Pretoria y con una carrera distinguida, Laml\u00e9 ha sido embajador de Alemania en varios destinos clave y ha ocupado una serie de roles estrat\u00e9gicos en la diplomacia alemana.<br \/>\nEntre sus asignaciones se encuentran su servicio como Embajador en Arabia Saudita entre 2021 y 2023, y su papel como C\u00f3nsul General en Hong Kong y Macao entre 2017 y 202.<\/p>\n<p>Laml\u00e9 tambi\u00e9n ha sido Director Regional para Am\u00e9rica Latina y el Caribe en el Ministerio Federal de Relaciones Exteriores en Berl\u00edn; C\u00f3nsul General en Erbil, Irak, Jefe de Protocolo del Estado Federado de Berl\u00edn y Director General de Asuntos Exteriores.<\/p>\n<p>Adem\u00e1s, el embajador se desempe\u00f1\u00f3 como Jefe de Despacho de los Secretarios de Estado en el Ministerio de Relaciones Exteriores en Berl\u00edn y Jefe de la Divisi\u00f3n de \u00abDesarrollo y Planificaci\u00f3n de Recursos Humanos, Servicio Superior\u00bb en el Ministerio Federal de Relaciones Exteriores.<br \/>\nSu experiencia internacional incluye roles en la Embajada de Alemania en Lima, Per\u00fa, y su trabajo como Asesor T\u00e9cnico para Asuntos Pol\u00edticos en la Misi\u00f3n Permanente de la Rep\u00fablica Federal de Alemania ante las Naciones Unidas en Nueva York.<\/p>\n<p>Tambi\u00e9n sirvi\u00f3 en roles consulares y de prensa en Yakarta, Indonesia y Kigali, Ruanda. Su extensa formaci\u00f3n, que incluye estudios universitarios de Ciencias Jur\u00eddicas en Ratisbona y una formaci\u00f3n en el Servicio Exterior, lo prepar\u00f3 para abordar una amplia gama de asuntos diplom\u00e1ticos.<br \/>\nCon una carrera rica en experiencia y un enfoque comprometido en la diplomacia, Laml\u00e9 desempe\u00f1\u00f3 un papel valioso en la relaci\u00f3n entre Alemania y Argentina, trabajando para fortalecer y ampliar los lazos en beneficio de ambas naciones.<\/p>\n<p><img loading=\"lazy\" decoding=\"async\" class=\"alignnone size-full wp-image-65642\" src=\"https:\/\/vocesparalelas.com.ar\/sitio\/wp-content\/uploads\/2023\/11\/GOBIERNO-SAN-JUAN.jpg\" alt=\"\" width=\"800\" height=\"600\" srcset=\"https:\/\/vocesparalelas.com.ar\/sitio\/wp-content\/uploads\/2023\/11\/GOBIERNO-SAN-JUAN.jpg 800w, https:\/\/vocesparalelas.com.ar\/sitio\/wp-content\/uploads\/2023\/11\/GOBIERNO-SAN-JUAN-300x225.jpg 300w, https:\/\/vocesparalelas.com.ar\/sitio\/wp-content\/uploads\/2023\/11\/GOBIERNO-SAN-JUAN-768x576.jpg 768w\" sizes=\"auto, (max-width: 800px) 100vw, 800px\" \/><\/p>\n<p>&nbsp;<\/p>\n","protected":false},"excerpt":{"rendered":"<p>El gobernador de San Juan, Dr. Marcelo Orrego recibi\u00f3 la visita del embajador de Alemania en la Rep\u00fablica Argentina, Dieter<\/p>\n","protected":false},"author":3,"featured_media":71328,"comment_status":"closed","ping_status":"closed","sticky":false,"template":"","format":"standard","meta":{"_acf_changed":false,"_seopress_robots_primary_cat":"none","_seopress_titles_title":"","_seopress_titles_desc":"","_seopress_robots_index":"","colormag_page_container_layout":"default_layout","colormag_page_sidebar_layout":"default_layout","footnotes":""},"categories":[1],"tags":[],"class_list":["post-71325","post","type-post","status-publish","format-standard","has-post-thumbnail","hentry","category-destacadas"],"acf":[],"_links":{"self":[{"href":"https:\/\/vocesparalelas.com.ar\/sitio\/wp-json\/wp\/v2\/posts\/71325","targetHints":{"allow":["GET"]}}],"collection":[{"href":"https:\/\/vocesparalelas.com.ar\/sitio\/wp-json\/wp\/v2\/posts"}],"about":[{"href":"https:\/\/vocesparalelas.com.ar\/sitio\/wp-json\/wp\/v2\/types\/post"}],"author":[{"embeddable":true,"href":"https:\/\/vocesparalelas.com.ar\/sitio\/wp-json\/wp\/v2\/users\/3"}],"replies":[{"embeddable":true,"href":"https:\/\/vocesparalelas.com.ar\/sitio\/wp-json\/wp\/v2\/comments?post=71325"}],"version-history":[{"count":4,"href":"https:\/\/vocesparalelas.com.ar\/sitio\/wp-json\/wp\/v2\/posts\/71325\/revisions"}],"predecessor-version":[{"id":71332,"href":"https:\/\/vocesparalelas.com.ar\/sitio\/wp-json\/wp\/v2\/posts\/71325\/revisions\/71332"}],"wp:featuredmedia":[{"embeddable":true,"href":"https:\/\/vocesparalelas.com.ar\/sitio\/wp-json\/wp\/v2\/media\/71328"}],"wp:attachment":[{"href":"https:\/\/vocesparalelas.com.ar\/sitio\/wp-json\/wp\/v2\/media?parent=71325"}],"wp:term":[{"taxonomy":"category","embeddable":true,"href":"https:\/\/vocesparalelas.com.ar\/sitio\/wp-json\/wp\/v2\/categories?post=71325"},{"taxonomy":"post_tag","embeddable":true,"href":"https:\/\/vocesparalelas.com.ar\/sitio\/wp-json\/wp\/v2\/tags?post=71325"}],"curies":[{"name":"wp","href":"https:\/\/api.w.org\/{rel}","templated":true}]}}