{"id":71292,"date":"2024-04-15T14:25:07","date_gmt":"2024-04-15T17:25:07","guid":{"rendered":"https:\/\/vocesparalelas.com.ar\/sitio\/?p=71292"},"modified":"2024-04-15T14:25:07","modified_gmt":"2024-04-15T17:25:07","slug":"finalizo-la-xxxiii-cabalgata-de-fe-a-la-difunta-correa-en-san-juan","status":"publish","type":"post","link":"https:\/\/vocesparalelas.com.ar\/sitio\/finalizo-la-xxxiii-cabalgata-de-fe-a-la-difunta-correa-en-san-juan\/","title":{"rendered":"Finaliz\u00f3 la XXXIII Cabalgata de Fe a la Difunta Correa en San Juan"},"content":{"rendered":"<p>El gobernador de San Juan, Dr. Marcelo Orrego acompa\u00f1\u00f3 la llegada de 4000 jinetes de San Juan y de m\u00e1s de 10 delegaciones de distintas provincias, adem\u00e1s, de las Rep\u00fablicas de Chile y Per\u00fa al paraje de Vallecito.<\/p>\n<p>La manifestaci\u00f3n de fe y tradici\u00f3n es organizada por la Federaci\u00f3n Gaucha Sanjuanina, con el apoyo de la Confederaci\u00f3n Gaucha Argentina.<\/p>\n<p>Participaron de la comitiva, el ministro de Turismo, Cultura y Deporte, Dr. Guido Romero; la intendente de Caucete, Lic. Romina Rosas; el presidente de la Federaci\u00f3n Gaucha Sanjuanina, Sergio Gonz\u00e1lez; la diputada nacional por San Juan, Dra. Nancy Pic\u00f3n; autoridades del Poder Ejecutivo provincial, funcionarios, miembros de fuerzas armadas y de seguridad.<\/p>\n<p>En primer t\u00e9rmino y bajo una intensa lluvia, se procedi\u00f3 al descubrimiento de una Placa Conmemorativa que marca la llegada de la XXXIII Cabalgata de Fe a la Difunta Correa.<\/p>\n<p><img loading=\"lazy\" decoding=\"async\" class=\"alignnone size-full wp-image-71295\" src=\"https:\/\/vocesparalelas.com.ar\/sitio\/wp-content\/uploads\/2024\/04\/ORREGO-CABALGATA-01.jpg\" alt=\"\" width=\"800\" height=\"534\" srcset=\"https:\/\/vocesparalelas.com.ar\/sitio\/wp-content\/uploads\/2024\/04\/ORREGO-CABALGATA-01.jpg 800w, https:\/\/vocesparalelas.com.ar\/sitio\/wp-content\/uploads\/2024\/04\/ORREGO-CABALGATA-01-300x200.jpg 300w, https:\/\/vocesparalelas.com.ar\/sitio\/wp-content\/uploads\/2024\/04\/ORREGO-CABALGATA-01-768x513.jpg 768w\" sizes=\"auto, (max-width: 800px) 100vw, 800px\" \/><\/p>\n<p>En el recibimiento a los jinetes, el gobernador de San Juan, Dr. Marcelo Orrego puntualiz\u00f3 que \u00abayer sal\u00edamos dando apertura a esta 33\u00aa edici\u00f3n de la Cabalgata a la Difunta Correa y, por supuesto, la vivimos con enorme emoci\u00f3n. Emoci\u00f3n porque nos despierta sentimientos que ponen valor a nuestra cultura, a nuestra idiosincrasia, nuestras tradiciones\u201d y agreg\u00f3 que \u201cvamos a trabajar cotidianamente, todos los d\u00edas, porque el a\u00f1o que viene le vamos a dar el valor agregado que corresponde\u00bb.<\/p>\n<p>\u00abLa participaci\u00f3n de jinetes de otras provincias, de la Rep\u00fablica de Chile y Per\u00fa en inclusive de turistas ingleses, los que han estado en la organizaci\u00f3n, desde el ministerio, federaciones, confederaciones porque entre los involucrados todos podemos hacer siempre un esfuerzo mayor, pero que definitivamente determina c\u00f3mo va a terminar esta jornada haciendo las cosas bien\u201d.<\/p>\n<p>\u201cEsta lluvia, evidentemente, se traduce en bendiciones. Claro que s\u00ed, la Difunta Correa est\u00e1 siempre, los que somos devotos conocemos que siempre que le damos la palabra hay que cumplirla, as\u00ed que el a\u00f1o que viene vamos a volver a estar, si Dios quiere. \u00a1Qu\u00e9 viva la Patria. Qu\u00e9 viva San Juan!\u201d.<\/p>\n<p>En este marco, el Federaci\u00f3n Gaucha Sanjuanina, Sergio Gonz\u00e1lez remarc\u00f3 que \u00abla verdad que un a\u00f1o m\u00e1s, una cabalgata m\u00e1s, totalmente diferente; lo que es la vida. Difunta Correa muri\u00f3 de sed y hoy nos est\u00e1 bendiciendo con este agua que tan bien le hace al pueblo. Agradezco a las autoridades por el apoyo recibido y especialmente al Gobernador Dr. Marcelo Orrego. Much\u00edsimas gracias por estar presente, por apoyar las tradiciones, por apoyar esta cabalgata y ojal\u00e1 que el a\u00f1o que viene nos volvamos a encontrar\u201d.<\/p>\n<p>Mientras que la intendenta de la Municipalidad de Caucete, Lic. Romina Rosas subray\u00f3 que \u00abquerido gobernador, muchas gracias por estar en nuestro departamento, en esta localidad tan hermosa como Vallecito, en usted y los participantes. Sin lugar a dudas vienen haciendo un trabajo hist\u00f3rico y excelente a trav\u00e9s de la Cabalgata a la Difunta Correa. Bendiciones a los gauchos y las paisanas que pisan este suelo caucetero de la provincia de San Juan y de nuestra querida Argentina\u00bb.<\/p>\n<p>Finalizado el acto, se informa al gobernador que la Cabalgata ha culminado y que fueron m\u00e1s de 4000 los montados que han acompa\u00f1ado en esta ocasi\u00f3n.<\/p>\n<p>El Gobernador, Dr. Marcelo Orrego salud\u00f3 a los jinetes participantes y posteriormente, realizaron el tradicional recorrido y visita al Museo de la Fe.<\/p>\n<p><iframe loading=\"lazy\" title=\"El gobernador Orrego acompa\u00f1\u00f3 la llegada de la XXXIII Cabalgata de Fe a la Difunta Correa\" width=\"800\" height=\"450\" src=\"https:\/\/www.youtube.com\/embed\/8p1HNQHn5co?feature=oembed\" frameborder=\"0\" allow=\"accelerometer; autoplay; clipboard-write; encrypted-media; gyroscope; picture-in-picture; web-share\" referrerpolicy=\"strict-origin-when-cross-origin\" allowfullscreen><\/iframe><\/p>\n","protected":false},"excerpt":{"rendered":"<p>El gobernador de San Juan, Dr. Marcelo Orrego acompa\u00f1\u00f3 la llegada de 4000 jinetes de San Juan y de m\u00e1s<\/p>\n","protected":false},"author":3,"featured_media":71296,"comment_status":"closed","ping_status":"closed","sticky":false,"template":"","format":"standard","meta":{"_acf_changed":false,"_seopress_robots_primary_cat":"none","_seopress_titles_title":"","_seopress_titles_desc":"","_seopress_robots_index":"","colormag_page_container_layout":"default_layout","colormag_page_sidebar_layout":"default_layout","footnotes":""},"categories":[1,7],"tags":[],"class_list":["post-71292","post","type-post","status-publish","format-standard","has-post-thumbnail","hentry","category-destacadas","category-videos"],"acf":[],"_links":{"self":[{"href":"https:\/\/vocesparalelas.com.ar\/sitio\/wp-json\/wp\/v2\/posts\/71292","targetHints":{"allow":["GET"]}}],"collection":[{"href":"https:\/\/vocesparalelas.com.ar\/sitio\/wp-json\/wp\/v2\/posts"}],"about":[{"href":"https:\/\/vocesparalelas.com.ar\/sitio\/wp-json\/wp\/v2\/types\/post"}],"author":[{"embeddable":true,"href":"https:\/\/vocesparalelas.com.ar\/sitio\/wp-json\/wp\/v2\/users\/3"}],"replies":[{"embeddable":true,"href":"https:\/\/vocesparalelas.com.ar\/sitio\/wp-json\/wp\/v2\/comments?post=71292"}],"version-history":[{"count":1,"href":"https:\/\/vocesparalelas.com.ar\/sitio\/wp-json\/wp\/v2\/posts\/71292\/revisions"}],"predecessor-version":[{"id":71297,"href":"https:\/\/vocesparalelas.com.ar\/sitio\/wp-json\/wp\/v2\/posts\/71292\/revisions\/71297"}],"wp:featuredmedia":[{"embeddable":true,"href":"https:\/\/vocesparalelas.com.ar\/sitio\/wp-json\/wp\/v2\/media\/71296"}],"wp:attachment":[{"href":"https:\/\/vocesparalelas.com.ar\/sitio\/wp-json\/wp\/v2\/media?parent=71292"}],"wp:term":[{"taxonomy":"category","embeddable":true,"href":"https:\/\/vocesparalelas.com.ar\/sitio\/wp-json\/wp\/v2\/categories?post=71292"},{"taxonomy":"post_tag","embeddable":true,"href":"https:\/\/vocesparalelas.com.ar\/sitio\/wp-json\/wp\/v2\/tags?post=71292"}],"curies":[{"name":"wp","href":"https:\/\/api.w.org\/{rel}","templated":true}]}}