{"id":71283,"date":"2024-04-15T20:33:05","date_gmt":"2024-04-15T23:33:05","guid":{"rendered":"https:\/\/vocesparalelas.com.ar\/sitio\/?p=71283"},"modified":"2024-04-17T00:09:43","modified_gmt":"2024-04-17T03:09:43","slug":"presentacion-el-libro-del-arrope-de-uva-en-la-casa-de-sarmiento-en-san-juan","status":"publish","type":"post","link":"https:\/\/vocesparalelas.com.ar\/sitio\/presentacion-el-libro-del-arrope-de-uva-en-la-casa-de-sarmiento-en-san-juan\/","title":{"rendered":"Presentaci\u00f3n \u00abEl Libro del Arrope de Uva\u00bb en la Casa de Sarmiento en San Juan"},"content":{"rendered":"<p>El Martes, 16 de Abril, a las 18 hs.; en el Museo y Biblioteca Casa Natal de Sarmiento se desarrolla la Presentaci\u00f3n \u00abEl Libro del Arrope de Uva\u00bb de la Escritora Adriana Polizzotto. La obra rescata algunas recetas t\u00edpicas de la regi\u00f3n Cuyo en las que se utiliza el arrope de uva como endulzante, conservante natural, para salsear frutas y verduras y condimentar, entre otros usos.<\/p>\n<p>La actividad est\u00e1 dirigida especialmente a los alumnos de las carreras de Enolog\u00eda y Escuelas Agrot\u00e9cnicas, Escuelas de capacitaci\u00f3n laboral en alimentaci\u00f3n e institutos de cocina profesional, cocineros locales; servicio hoteler\u00eda y gastronom\u00eda y el p\u00fablico en general.<\/p>\n<p>Los invitamos a disfrutar de esta lectura y de una degustaci\u00f3n de productos donde el arrope de uva es protagonista.<\/p>\n<p>Solicitan confirmar asistencia<\/p>\n<p><img loading=\"lazy\" decoding=\"async\" class=\"alignnone size-full wp-image-41747\" src=\"https:\/\/vocesparalelas.com.ar\/sitio\/wp-content\/uploads\/2021\/09\/CASA-SARMIENTO-FRENTE-02.jpg\" alt=\"\" width=\"800\" height=\"533\" srcset=\"https:\/\/vocesparalelas.com.ar\/sitio\/wp-content\/uploads\/2021\/09\/CASA-SARMIENTO-FRENTE-02.jpg 800w, https:\/\/vocesparalelas.com.ar\/sitio\/wp-content\/uploads\/2021\/09\/CASA-SARMIENTO-FRENTE-02-300x200.jpg 300w, https:\/\/vocesparalelas.com.ar\/sitio\/wp-content\/uploads\/2021\/09\/CASA-SARMIENTO-FRENTE-02-768x512.jpg 768w\" sizes=\"auto, (max-width: 800px) 100vw, 800px\" \/><\/p>\n","protected":false},"excerpt":{"rendered":"<p>El Martes, 16 de Abril, a las 18 hs.; en el Museo y Biblioteca Casa Natal de Sarmiento se desarrolla<\/p>\n","protected":false},"author":3,"featured_media":71286,"comment_status":"closed","ping_status":"closed","sticky":false,"template":"","format":"standard","meta":{"_acf_changed":false,"_seopress_robots_primary_cat":"none","_seopress_titles_title":"","_seopress_titles_desc":"","_seopress_robots_index":"","colormag_page_container_layout":"default_layout","colormag_page_sidebar_layout":"default_layout","footnotes":""},"categories":[6],"tags":[],"class_list":["post-71283","post","type-post","status-publish","format-standard","has-post-thumbnail","hentry","category-eventos"],"acf":[],"_links":{"self":[{"href":"https:\/\/vocesparalelas.com.ar\/sitio\/wp-json\/wp\/v2\/posts\/71283","targetHints":{"allow":["GET"]}}],"collection":[{"href":"https:\/\/vocesparalelas.com.ar\/sitio\/wp-json\/wp\/v2\/posts"}],"about":[{"href":"https:\/\/vocesparalelas.com.ar\/sitio\/wp-json\/wp\/v2\/types\/post"}],"author":[{"embeddable":true,"href":"https:\/\/vocesparalelas.com.ar\/sitio\/wp-json\/wp\/v2\/users\/3"}],"replies":[{"embeddable":true,"href":"https:\/\/vocesparalelas.com.ar\/sitio\/wp-json\/wp\/v2\/comments?post=71283"}],"version-history":[{"count":1,"href":"https:\/\/vocesparalelas.com.ar\/sitio\/wp-json\/wp\/v2\/posts\/71283\/revisions"}],"predecessor-version":[{"id":71287,"href":"https:\/\/vocesparalelas.com.ar\/sitio\/wp-json\/wp\/v2\/posts\/71283\/revisions\/71287"}],"wp:featuredmedia":[{"embeddable":true,"href":"https:\/\/vocesparalelas.com.ar\/sitio\/wp-json\/wp\/v2\/media\/71286"}],"wp:attachment":[{"href":"https:\/\/vocesparalelas.com.ar\/sitio\/wp-json\/wp\/v2\/media?parent=71283"}],"wp:term":[{"taxonomy":"category","embeddable":true,"href":"https:\/\/vocesparalelas.com.ar\/sitio\/wp-json\/wp\/v2\/categories?post=71283"},{"taxonomy":"post_tag","embeddable":true,"href":"https:\/\/vocesparalelas.com.ar\/sitio\/wp-json\/wp\/v2\/tags?post=71283"}],"curies":[{"name":"wp","href":"https:\/\/api.w.org\/{rel}","templated":true}]}}