{"id":71275,"date":"2024-04-12T22:31:54","date_gmt":"2024-04-13T01:31:54","guid":{"rendered":"https:\/\/vocesparalelas.com.ar\/sitio\/?p=71275"},"modified":"2024-04-12T23:46:33","modified_gmt":"2024-04-13T02:46:33","slug":"esta-mistica-no-la-tenemos-que-perder-en-san-juan","status":"publish","type":"post","link":"https:\/\/vocesparalelas.com.ar\/sitio\/esta-mistica-no-la-tenemos-que-perder-en-san-juan\/","title":{"rendered":"\u00abEsta m\u00edstica no la tenemos que perder en San Juan\u00bb"},"content":{"rendered":"<p>Desde la Municipalidad de la Ciudad Capital de San Juan comenz\u00f3 la XXXIII edici\u00f3n de la Cabalgata de la Fe \u201cReviviendo nuestra historia\u201d, una traves\u00eda gaucha al paraje de la Difunta Correa.<\/p>\n<p>Por ello, el gobernador, Dr. Marcelo Orrego presidi\u00f3 la Cabalgata, una manifestaci\u00f3n de creencias y tradici\u00f3n organizado por la Federaci\u00f3n Gaucha Sanjuanina, con el apoyo de la Confederaci\u00f3n Gaucha Argentina.<\/p>\n<p>El acto central se desarroll\u00f3 en avenida Jos\u00e9 Ignacio de la Roza y Caseros, frente a la Municipalidad de la Ciudad Capital con el acompa\u00f1amiento del vicegobernador, Dr. Fabi\u00e1n Mart\u00edn, la intendente Municipal, Dra. Susana Laciar y el ministro de Turismo, Cultura y Deporte, Dr. Guido Romero. Al llegar a Santa Luc\u00eda se sum\u00f3 el intendente Juan Jos\u00e9 Orrego.<\/p>\n<p>Tambi\u00e9n acompa\u00f1aron; legisladores nacionales y provinciales, ministros de la provincia, jefes de Fuerzas Armadas y Seguridad de la provincia e intendentes. Tambi\u00e9n, el presidente de la Confederaci\u00f3n Gaucha Argentina, Daniel Rojas; el presidente de la Federaci\u00f3n Gaucha Sanjuanina, Sergio Gonz\u00e1lez, invitados especiales y p\u00fablico general.<\/p>\n<p>El acto que dio inicio a la traves\u00eda, cont\u00f3 con la participaci\u00f3n de la Banda de M\u00fasica de la Polic\u00eda de San Juan, que enton\u00f3 las estrofas del Himno Nacional Argentino. Posteriormente, el Presb\u00edtero Diego Navarro realiz\u00f3 una bendici\u00f3n.<\/p>\n<p>En este marco, la Cabalgata fue declarada de Inter\u00e9s por los municipios de Capital y Santa Luc\u00eda.<\/p>\n<p>Como cada a\u00f1o toda la comunidad y turistas disfrutan los espect\u00e1culos art\u00edsticos, destrezas criollas y jineteadas, adem\u00e1s del recorrido religioso por el paraje Difunta Correa, que significa esta tradici\u00f3n gaucha.<\/p>\n<p>En este sentido, y por primera vez como gobernador de San Juan, Dr. Marcelo Orrego acompa\u00f1\u00f3 la cabalgata montado a caballo, quien agradeci\u00f3 a las autoridades del Gobierno de San Juan, de la Federaci\u00f3n Gaucha Sanjuanina por el apoyo a una nueva edici\u00f3n del evento y a las agrupaciones, paisanos y paisanas de distintos puntos del pa\u00eds que visitaron San Juan para disfrutar de la cabalgata.<\/p>\n<figure id=\"attachment_71281\" aria-describedby=\"caption-attachment-71281\" style=\"width: 800px\" class=\"wp-caption alignnone\"><img loading=\"lazy\" decoding=\"async\" class=\"size-full wp-image-71281\" src=\"https:\/\/vocesparalelas.com.ar\/sitio\/wp-content\/uploads\/2024\/04\/CABALGATA-202A-05.jpg\" alt=\"\" width=\"800\" height=\"609\" srcset=\"https:\/\/vocesparalelas.com.ar\/sitio\/wp-content\/uploads\/2024\/04\/CABALGATA-202A-05.jpg 800w, https:\/\/vocesparalelas.com.ar\/sitio\/wp-content\/uploads\/2024\/04\/CABALGATA-202A-05-300x228.jpg 300w, https:\/\/vocesparalelas.com.ar\/sitio\/wp-content\/uploads\/2024\/04\/CABALGATA-202A-05-768x585.jpg 768w\" sizes=\"auto, (max-width: 800px) 100vw, 800px\" \/><figcaption id=\"caption-attachment-71281\" class=\"wp-caption-text\">Gobernador de San Juan, Dr. Marcelo Orrego<\/figcaption><\/figure>\n<p>Adem\u00e1s, se refiri\u00f3 que \u00aba los 33 a\u00f1os que lleva realiz\u00e1ndose esta tradici\u00f3n la cabalgata la he vivido desde muy peque\u00f1o. Me acuerdo cuando mi mam\u00e1 me llevaba a la avenida principal, cerca de Santa Luc\u00eda, y pasaba. Despu\u00e9s eso se transform\u00f3, por supuesto, en una tradici\u00f3n, parte de lo nuestro, una cultura. Y despu\u00e9s con el tiempo me toc\u00f3 vivirla como intendente de la ciudad de Santa Luc\u00eda y pude disfrutarlo enormemente\u201d.<\/p>\n<p>\u201cEn estos tiempos que son dif\u00edciles, este tipo de evento tan preciado, uno no puede especular ni un segundo si se hacen o no. Esto tiene que ver con lo nuestro, con nuestras ra\u00edces. Esta m\u00edstica no la tenemos que perder. As\u00ed que vamos a seguir trabajando\u201d.<\/p>\n<p>\u00abEn cada una de las personas que participan del evento es la posibilidad de iniciar el camino hacia la difunta Correa, de quien soy devoto. Tambi\u00e9n, hay muchos promesantes que van a cumplir con el objetivo de llegar\u201d.<\/p>\n<p>A su turno, la intendente, Dra. Susana Laciar puntualiz\u00f3 que \u00abla Cabalgata es parte de la tradici\u00f3n cultural sanjuanina, la solidaridad y la fuerza de cada uno de los participantes, a\u00f1os tras a\u00f1os, en la organizaci\u00f3n. Han pasado 33 a\u00f1os y estamos\u00a0 con los vecinos, las autoridades, iniciando una nueva cabalgata de fe que nos impulsa\u201d.<\/p>\n<p>Por su parte, el presidente de la Federaci\u00f3n Gaucha Sanjuanina, Sergio Gonz\u00e1lez manifest\u00f3 que \u00abagradezco al gobierno de San Juan por el desarrollo de la cabalgata. Es un gran desaf\u00edo\u201d.<\/p>\n<p>Luego, Daniel Rojas, presidente de la Confederaci\u00f3n Gaucha Argentina, se uni\u00f3 a los agradecimientos y se refiri\u00f3 al apoyo recibido desde siempre por el gobernador al decir que \u00abs\u00e9 que usted nos ha ayudado siempre, desde cuando estaba como intendente tambi\u00e9n, much\u00edsimas gracias\u201d.<\/p>\n<p>La traves\u00eda pas\u00f3 por la plaza de Santa Luc\u00eda, luego, los jinetes se apostaron en el Monumento del Gaucho, tambi\u00e9n en ese departamento, para luego seguir hasta 9 de Julio.<\/p>\n<p>El intendente de Santa Luc\u00eda, Juan Jos\u00e9 Orrego remarc\u00f3 que \u00abestamos atravesando momentos dif\u00edciles, pero hoy tenemos una cabalgata de fe hacia la Difunta Correa. Seguramente muchos de nosotros debemos cumplir con la promesa de rendir homenaje y hoy muchos est\u00e1n cumpliendo con ese compromiso. A cada mujer y hombre de nuestra comunidad, les doy las gracias. Santa Luc\u00eda los recibe con cari\u00f1o y afecto, pero tambi\u00e9n con respeto hacia cada uno de ustedes. Nuestra ciudad cuenta con numerosas agrupaciones, y deseamos apoyar y acompa\u00f1ar tanto a la tradici\u00f3n como a la cultura. Por ello, quiero expresar mi gratitud a cada una de las agrupaciones de nuestro querido departamento, as\u00ed como a todos los vecinos que est\u00e1n celebrando esta hermosa cabalgata desde las orillas. Como Intendente estoy aqu\u00ed para ayudar en lo que sea necesario, cuenten conmigo\u00bb.<\/p>\n<p>La cabalgata con destino a la Difunta Correa, es de gran convocatoria y magnitud. En su traves\u00eda, los participantes recorren una distancia de 60 kil\u00f3metros entre la ciudad de San Juan y el oratorio de la m\u00edtica Difunta Correa.<\/p>\n<p>En cuanto a los artistas que participar\u00e1n en la noche de este viernes, en la fiesta en Caucete, ser\u00e1n del \u00e1mbito provincial en su totalidad.<\/p>\n<p><img loading=\"lazy\" decoding=\"async\" class=\"alignnone size-full wp-image-71279\" src=\"https:\/\/vocesparalelas.com.ar\/sitio\/wp-content\/uploads\/2024\/04\/CABALGATA-202A-04.jpg\" alt=\"\" width=\"800\" height=\"641\" srcset=\"https:\/\/vocesparalelas.com.ar\/sitio\/wp-content\/uploads\/2024\/04\/CABALGATA-202A-04.jpg 800w, https:\/\/vocesparalelas.com.ar\/sitio\/wp-content\/uploads\/2024\/04\/CABALGATA-202A-04-300x240.jpg 300w, https:\/\/vocesparalelas.com.ar\/sitio\/wp-content\/uploads\/2024\/04\/CABALGATA-202A-04-768x615.jpg 768w\" sizes=\"auto, (max-width: 800px) 100vw, 800px\" \/><\/p>\n<p>&nbsp;<\/p>\n<p><iframe loading=\"lazy\" title=\"El gobernador Marcelo Orrego encabez\u00f3 la partida de la XXXIII Cabalgata de Fe a la Difunta Correa\" width=\"800\" height=\"450\" src=\"https:\/\/www.youtube.com\/embed\/GOGe29yUdSw?feature=oembed\" frameborder=\"0\" allow=\"accelerometer; autoplay; clipboard-write; encrypted-media; gyroscope; picture-in-picture; web-share\" referrerpolicy=\"strict-origin-when-cross-origin\" allowfullscreen><\/iframe><\/p>\n","protected":false},"excerpt":{"rendered":"<p>Desde la Municipalidad de la Ciudad Capital de San Juan comenz\u00f3 la XXXIII edici\u00f3n de la Cabalgata de la Fe<\/p>\n","protected":false},"author":3,"featured_media":71278,"comment_status":"closed","ping_status":"closed","sticky":false,"template":"","format":"standard","meta":{"_acf_changed":false,"_seopress_robots_primary_cat":"none","_seopress_titles_title":"","_seopress_titles_desc":"","_seopress_robots_index":"","colormag_page_container_layout":"default_layout","colormag_page_sidebar_layout":"default_layout","footnotes":""},"categories":[1,7],"tags":[],"class_list":["post-71275","post","type-post","status-publish","format-standard","has-post-thumbnail","hentry","category-destacadas","category-videos"],"acf":[],"_links":{"self":[{"href":"https:\/\/vocesparalelas.com.ar\/sitio\/wp-json\/wp\/v2\/posts\/71275","targetHints":{"allow":["GET"]}}],"collection":[{"href":"https:\/\/vocesparalelas.com.ar\/sitio\/wp-json\/wp\/v2\/posts"}],"about":[{"href":"https:\/\/vocesparalelas.com.ar\/sitio\/wp-json\/wp\/v2\/types\/post"}],"author":[{"embeddable":true,"href":"https:\/\/vocesparalelas.com.ar\/sitio\/wp-json\/wp\/v2\/users\/3"}],"replies":[{"embeddable":true,"href":"https:\/\/vocesparalelas.com.ar\/sitio\/wp-json\/wp\/v2\/comments?post=71275"}],"version-history":[{"count":2,"href":"https:\/\/vocesparalelas.com.ar\/sitio\/wp-json\/wp\/v2\/posts\/71275\/revisions"}],"predecessor-version":[{"id":71282,"href":"https:\/\/vocesparalelas.com.ar\/sitio\/wp-json\/wp\/v2\/posts\/71275\/revisions\/71282"}],"wp:featuredmedia":[{"embeddable":true,"href":"https:\/\/vocesparalelas.com.ar\/sitio\/wp-json\/wp\/v2\/media\/71278"}],"wp:attachment":[{"href":"https:\/\/vocesparalelas.com.ar\/sitio\/wp-json\/wp\/v2\/media?parent=71275"}],"wp:term":[{"taxonomy":"category","embeddable":true,"href":"https:\/\/vocesparalelas.com.ar\/sitio\/wp-json\/wp\/v2\/categories?post=71275"},{"taxonomy":"post_tag","embeddable":true,"href":"https:\/\/vocesparalelas.com.ar\/sitio\/wp-json\/wp\/v2\/tags?post=71275"}],"curies":[{"name":"wp","href":"https:\/\/api.w.org\/{rel}","templated":true}]}}