{"id":71251,"date":"2024-04-11T19:05:43","date_gmt":"2024-04-11T22:05:43","guid":{"rendered":"https:\/\/vocesparalelas.com.ar\/sitio\/?p=71251"},"modified":"2024-04-12T01:06:44","modified_gmt":"2024-04-12T04:06:44","slug":"se-conformaron-diversas-comisiones-de-la-camara-de-diputados-de-san-juan","status":"publish","type":"post","link":"https:\/\/vocesparalelas.com.ar\/sitio\/se-conformaron-diversas-comisiones-de-la-camara-de-diputados-de-san-juan\/","title":{"rendered":"Se conformaron diversas comisiones de la C\u00e1mara de Diputados de San Juan"},"content":{"rendered":"<p>Tras el cuarto intermedio solicitado el Mi\u00e9rcoles, 3 de Abril, luego del pronunciamiento del discurso anual del gobernador de San Juan, Dr. Marcelo Orrego, la C\u00e1mara de Diputados dio continuidad el Jueves, 11 de Abril, a la Primera Sesi\u00f3n del per\u00edodo ordinario presidida por el vicegobernador, Dr. Fabi\u00e1n Mart\u00edn.<\/p>\n<p>En la ocasi\u00f3n, qued\u00f3 conformada la sala Acusadora junto con la Comisi\u00f3n Investigadora que la integra y la sala Juzgadora. Adem\u00e1s, designaron a los miembros de la Comisi\u00f3n Legislativa Especial; el Consejo Provincial del Ambiente; el \u00d3rgano Coordinador Provincial de la Problem\u00e1tica de la Violencia Familiar y la Comisi\u00f3n Provincial de Emergencia Agropecuaria.<\/p>\n<p><span style=\"color: #800080;\"><strong>Sala Acusadora y Juzgadora<\/strong><\/span><\/p>\n<p>Tras la reanudaci\u00f3n de la Primera Sesi\u00f3n del per\u00edodo ordinario, el cuerpo Legislativo realiz\u00f3 el sorteo correspondiente por bolillero para la constituci\u00f3n de las Salas Acusadora y Juzgadora.<\/p>\n<p>Por consiguiente, la Sala Acusadora qued\u00f3 conformada por los diputados: Pedro Albagli, Franco Aranda, Jorge Casta\u00f1eda, Andr\u00e9s Castro, Enzo Cornejo, Gustavo Deguer, Sonia Ferreyra, M\u00f3nica Gonzalez, Marta Gramajo, Carlos Jaime Quiroga, Marisa L\u00f3pez, Omar Ortiz, Fernando Patinella, Marcela Quiroga, Daniel Ripoll, Gabriel S\u00e1nchez, Graciela Seva y Leopoldo Soler.<\/p>\n<p>Mientras que la Sala Juzgadora fue integrada por los legisladores: Miguel Atampiz, Eduardo Cabello, Stella Maris Caparros, Juan de la Cruz C\u00f3rdoba, Emilio Escudero, Mario Herrero, Mar\u00eda Lascano, Alejandra Leonardo, Cristina L\u00f3pez, Rosana Luque, Andr\u00e9s Mallea, Gustavo N\u00fa\u00f1ez, Fernanda Paredes, Horacio Quiroga, Juan Carlos Quiroga Moyano, Luis Rueda, Gustavo Usin, y Miguel \u00c1ngel Vega.<\/p>\n<p>Acto seguido, el vicegobernador Fabi\u00e1n Mart\u00edn les tom\u00f3 el juramento de forma a los integrantes de ambas salas. \u00a0Luego, la C\u00e1mara pas\u00f3 a un cuarto intermedio para definir la conformaci\u00f3n de la Comisi\u00f3n Investigadora de la Sala Acusadora. En este sentido, fueron elegidos los diputados Fernando Patinella, Marcela Quiroga, Carlos Jaime Quiroga, Pedro Albagli y Sonia Ferreyra.<\/p>\n<p>Asimismo, designaron al legislador Enzo Cornejo a cargo de la Sala Acusadora y al legislador Juan Carlos Quiroga Moyano como titular de la Sala Juzgadora.<\/p>\n<p>Luego, el presidente de la C\u00e1mara tom\u00f3 juramento a los secretarios Legislativo, Gustavo Velert y Administrativo, Jorge Fern\u00e1ndez.<\/p>\n<p><span style=\"color: #800080;\"><strong>Comisi\u00f3n Legislativa Especial<\/strong><\/span><\/p>\n<p>Por otro lado, la Legislatura resolvi\u00f3 conformar la Comisi\u00f3n Legislativa Especial, de acuerdo a lo establecido en el art\u00edculo 23 de la Ley de Reforma del Estado N\u00ba 532-A. De esta manera, qued\u00f3 integrada por los siguientes legisladores: Carlos Jaime Quiroga, Alejandra Leonardo, Marcela Quiroga, Leopoldo Soler, Fernando Patinella, Marisa L\u00f3pez y Pedro Albagli.<\/p>\n<p><span style=\"color: #800080;\"><strong>Consejo Provincial del Ambiente<\/strong><\/span><\/p>\n<p>M\u00e1s tarde, fue constituido el Consejo Provincial del Ambiente, en conformidad al art\u00edculo 16 de la Ley N\u00ba 513-L, el cual qued\u00f3 conformado por el diputado Luis Rueda como titular y el legislador Enzo Cornejo como suplente.<\/p>\n<p><span style=\"color: #800080;\"><strong>\u00d3rgano Coordinador Provincial de la Problem\u00e1tica de la Violencia Familiar<\/strong><\/span><\/p>\n<p>Por otro lado, la C\u00e1mara de Diputados design\u00f3 a las diputadas Mar\u00eda Lascano, Sonia Ferreyra y los legisladores Gabriel S\u00e1nchez y Horacio Quiroga como miembros titulares; y al legislador Gustavo N\u00fa\u00f1ez y la diputada Graciela Seva como suplentes, para integrar el \u00d3rgano Coordinador Provincial de Seguimiento, Evaluaci\u00f3n y Prevenci\u00f3n de la Problem\u00e1tica de la Violencia Familiar, en cumplimiento de la Ley N\u00ba 989-E.<\/p>\n<p><span style=\"color: #800080;\"><strong>Comisi\u00f3n Provincial de Emergencia Agropecuaria<\/strong><\/span><\/p>\n<p>Adem\u00e1s, durante la sesi\u00f3n fueron nombrados los diputados Mario Herrero, Andr\u00e9s Castro, Marcelo Mallea, Gustavo Usin y Omar Ortiz para integrar la Comisi\u00f3n Provincial de Emergencia Agropecuaria, de acuerdo a lo establecido en el art\u00edculo 2\u00b0 de la Ley N\u00b0 368-A.<\/p>\n<p><span style=\"color: #800080;\"><strong>Renuncia de jueces<\/strong><\/span><\/p>\n<p>Asimismo, la C\u00e1mara aprob\u00f3 sobre tablas dos comunicaciones oficiales remitidas por la Corte de Justicia que informan las renuncias, por un lado, de la Dra. Mar\u00eda Josefina Nacif al cargo de Juez de C\u00e1mara y, por otro lado, el Dr. Hugo Quiroga, al cargo de Juez Letrado del departamento Iglesia.<\/p>\n<p><span style=\"color: #800080;\"><strong>Resoluciones<\/strong><\/span><\/p>\n<p>Por \u00faltimo, el cuerpo legislativo declar\u00f3 de inter\u00e9s:<\/p>\n<ul>\n<li>Legislativo y cultural el evento a realizarse en nuestra provincia el d\u00eda 12 y 13 de abril del corriente a\u00f1o al conmemorarse el 33\u00b0 edici\u00f3n de la Cabalgata de Fe Difunta Correa. (Interbloque Producci\u00f3n y Trabajo-Actuar-UCR)<\/li>\n<li>Legislativo, las diversas acciones, actividades, luchas y contenci\u00f3n que realizan la Asociaci\u00f3n P\u00e1rkinson San Juan y la Asociaci\u00f3n Civil Unidos por el P\u00e1rkinson, en el marco del D\u00eda Mundial del P\u00e1rkinson. (Bloque Bloquista)<\/li>\n<\/ul>\n<figure id=\"attachment_37951\" aria-describedby=\"caption-attachment-37951\" style=\"width: 800px\" class=\"wp-caption alignnone\"><img loading=\"lazy\" decoding=\"async\" class=\"size-full wp-image-37951\" src=\"https:\/\/vocesparalelas.com.ar\/sitio\/wp-content\/uploads\/2021\/05\/CAMARA-EDIFICIO.jpg\" alt=\"\" width=\"800\" height=\"515\" srcset=\"https:\/\/vocesparalelas.com.ar\/sitio\/wp-content\/uploads\/2021\/05\/CAMARA-EDIFICIO.jpg 800w, https:\/\/vocesparalelas.com.ar\/sitio\/wp-content\/uploads\/2021\/05\/CAMARA-EDIFICIO-300x193.jpg 300w, https:\/\/vocesparalelas.com.ar\/sitio\/wp-content\/uploads\/2021\/05\/CAMARA-EDIFICIO-768x494.jpg 768w\" sizes=\"auto, (max-width: 800px) 100vw, 800px\" \/><figcaption id=\"caption-attachment-37951\" class=\"wp-caption-text\">Legislatura Provincial de San Juan, Rep\u00fablica Argentina<\/figcaption><\/figure>\n<p>&nbsp;<\/p>\n","protected":false},"excerpt":{"rendered":"<p>Tras el cuarto intermedio solicitado el Mi\u00e9rcoles, 3 de Abril, luego del pronunciamiento del discurso anual del gobernador de San<\/p>\n","protected":false},"author":3,"featured_media":71254,"comment_status":"closed","ping_status":"closed","sticky":false,"template":"","format":"standard","meta":{"_acf_changed":false,"_seopress_robots_primary_cat":"none","_seopress_titles_title":"","_seopress_titles_desc":"","_seopress_robots_index":"","colormag_page_container_layout":"default_layout","colormag_page_sidebar_layout":"default_layout","footnotes":""},"categories":[1],"tags":[],"class_list":["post-71251","post","type-post","status-publish","format-standard","has-post-thumbnail","hentry","category-destacadas"],"acf":[],"_links":{"self":[{"href":"https:\/\/vocesparalelas.com.ar\/sitio\/wp-json\/wp\/v2\/posts\/71251","targetHints":{"allow":["GET"]}}],"collection":[{"href":"https:\/\/vocesparalelas.com.ar\/sitio\/wp-json\/wp\/v2\/posts"}],"about":[{"href":"https:\/\/vocesparalelas.com.ar\/sitio\/wp-json\/wp\/v2\/types\/post"}],"author":[{"embeddable":true,"href":"https:\/\/vocesparalelas.com.ar\/sitio\/wp-json\/wp\/v2\/users\/3"}],"replies":[{"embeddable":true,"href":"https:\/\/vocesparalelas.com.ar\/sitio\/wp-json\/wp\/v2\/comments?post=71251"}],"version-history":[{"count":1,"href":"https:\/\/vocesparalelas.com.ar\/sitio\/wp-json\/wp\/v2\/posts\/71251\/revisions"}],"predecessor-version":[{"id":71255,"href":"https:\/\/vocesparalelas.com.ar\/sitio\/wp-json\/wp\/v2\/posts\/71251\/revisions\/71255"}],"wp:featuredmedia":[{"embeddable":true,"href":"https:\/\/vocesparalelas.com.ar\/sitio\/wp-json\/wp\/v2\/media\/71254"}],"wp:attachment":[{"href":"https:\/\/vocesparalelas.com.ar\/sitio\/wp-json\/wp\/v2\/media?parent=71251"}],"wp:term":[{"taxonomy":"category","embeddable":true,"href":"https:\/\/vocesparalelas.com.ar\/sitio\/wp-json\/wp\/v2\/categories?post=71251"},{"taxonomy":"post_tag","embeddable":true,"href":"https:\/\/vocesparalelas.com.ar\/sitio\/wp-json\/wp\/v2\/tags?post=71251"}],"curies":[{"name":"wp","href":"https:\/\/api.w.org\/{rel}","templated":true}]}}