{"id":71213,"date":"2024-04-11T20:00:28","date_gmt":"2024-04-11T23:00:28","guid":{"rendered":"https:\/\/vocesparalelas.com.ar\/sitio\/?p=71213"},"modified":"2024-04-12T11:53:54","modified_gmt":"2024-04-12T14:53:54","slug":"operativo-integral-interministerial-en-el-departamento-iglesia-de-san-juan","status":"publish","type":"post","link":"https:\/\/vocesparalelas.com.ar\/sitio\/operativo-integral-interministerial-en-el-departamento-iglesia-de-san-juan\/","title":{"rendered":"Operativo Integral Interministerial en el Departamento Iglesia de San Juan"},"content":{"rendered":"<p>En la jornada del Jueves, 11 de Abril, el gobernador de San Juan, Dr. Marcelo Orrego particip\u00f3 del Operativo Integral Interministerial que se realiz\u00f3 en la Escuela Provincia de Santa Cruz, Localidad Rodeo, Departamento Iglesia.<\/p>\n<p>Con estas acciones, el Gobierno provincial busca ofrecer todo el abanico de respuestas que tiene el Estado provincial para toda la comunidad.<\/p>\n<p>Esta iniciativa no s\u00f3lo busca mejorar la calidad de vida de las comunidades alejadas de San Juan, sino tambi\u00e9n, fortalecer los lazos entre el gobierno y las poblaciones del centro urbano, demostrando un compromiso con el bienestar integral de su gente.<\/p>\n<p>En esta oportunidad, el operativo se realiz\u00f3 en la escuela Provincia de Santa Cruz, que durante la recorrida, el gobernador Dr. Marcelo Orrego manifest\u00f3 que \u00ablo positivo de estos operativos es que tenemos cercan\u00eda con la gente, que estemos cerca y no solo cuando un departamento est\u00e1 de aniversario. Me gusta saludar a la gente. Se trata de potenciar la relaci\u00f3n entre el Gobierno y las personas porque nosotros somos sus servidores. Los departamentos m\u00e1s alejados son para m\u00ed muy importantes, as\u00ed es que vamos a seguir trabajando de esta manera\u201d.<\/p>\n<p>Acompa\u00f1aron al mandatario los ministros de Salud, Dr. Amilcar Dobladez; de Gobierno, Dra. Laura Palma; secretario de Promoci\u00f3n Social, Ramiro Pavone; subsecretar\u00eda de Promoci\u00f3n Social, Lic. Gabriela Rodrigo; directora de Pol\u00edticas para la Equidad, Prof. Nathalia S\u00e1nchez y el subsecretario de Conservaci\u00f3n, Lic. Mario Santori, entre otras autoridades dependientes del Ministerio de Producci\u00f3n, Trabajo e Innovaci\u00f3n.<\/p>\n<p><span style=\"color: #339966;\"><strong>Detalles del operativo<\/strong><\/span><\/p>\n<p><iframe loading=\"lazy\" title=\"IGLESIA SAN JUAN AMBIENTE\" width=\"800\" height=\"450\" src=\"https:\/\/www.youtube.com\/embed\/XFjIRHwdCuc?feature=oembed\" frameborder=\"0\" allow=\"accelerometer; autoplay; clipboard-write; encrypted-media; gyroscope; picture-in-picture; web-share\" referrerpolicy=\"strict-origin-when-cross-origin\" allowfullscreen><\/iframe><\/p>\n<p>Desde el Ministerio de Familia y Desarrollo Humano brindaron servicios a trav\u00e9s de las siguientes \u00e1reas: Direcci\u00f3n de Pol\u00edticas para la Equidad, Discapacidad, Econom\u00eda Social, Ni\u00f1ez, Consumos Problem\u00e1ticos, Juventud, Adulto Mayor, G\u00e9nero, Pol\u00edticas Alimentarias, Asistencia Directa.<br \/>\nEl Ministerio de Gobierno desembarc\u00f3 con el Registro Civil, DNI, Tarjeta Sub, Personer\u00eda Jur\u00eddica y Registro Dominial.<\/p>\n<p><img loading=\"lazy\" decoding=\"async\" class=\"alignnone size-full wp-image-71220\" src=\"https:\/\/vocesparalelas.com.ar\/sitio\/wp-content\/uploads\/2024\/04\/IGLESIA-ORREGO-06.jpg\" alt=\"\" width=\"800\" height=\"535\" srcset=\"https:\/\/vocesparalelas.com.ar\/sitio\/wp-content\/uploads\/2024\/04\/IGLESIA-ORREGO-06.jpg 800w, https:\/\/vocesparalelas.com.ar\/sitio\/wp-content\/uploads\/2024\/04\/IGLESIA-ORREGO-06-300x201.jpg 300w, https:\/\/vocesparalelas.com.ar\/sitio\/wp-content\/uploads\/2024\/04\/IGLESIA-ORREGO-06-768x514.jpg 768w\" sizes=\"auto, (max-width: 800px) 100vw, 800px\" \/><\/p>\n<ul>\n<li>El Ministerio de Salud, realiz\u00f3 vacunaci\u00f3n, control pedi\u00e1trico, control de adultos, prevenci\u00f3n de enfermedades, cardiovasculares y odontol\u00f3gicas.<\/li>\n<li>El Ministerio de Educaci\u00f3n llev\u00f3 a cabo abordaje en las escuelas.<\/li>\n<li>El ministerio de Producci\u00f3n, Trabajo e Innovaci\u00f3n, fueron parte del operativo Defensa del Consumidor, Comercio e Industria, Capacitaci\u00f3n y Empleo, Coordinaci\u00f3n Econ\u00f3mica y Asuntos Agropecuarios.<\/li>\n<li>El Ministerio de Econom\u00eda, Hacienda y Finanzas hizo un relevamiento de la conectividad de Internet en las escuelas.<\/li>\n<li>El Ministerio de Turismo, realiz\u00f3 gesti\u00f3n y asesoramiento de clubes y present\u00f3 las ofertas deportivas.<\/li>\n<li>La Secretar\u00eda de Ambiente llev\u00f3 a cabo vacunaci\u00f3n de perros y gatos.<\/li>\n<li>La Fundaci\u00f3n Sanatorio Argentino, realiz\u00f3 su operativo de prevenci\u00f3n de c\u00e1ncer de \u00fatero y de mamas.<\/li>\n<\/ul>\n<p><img loading=\"lazy\" decoding=\"async\" class=\"alignnone size-full wp-image-71217\" src=\"https:\/\/vocesparalelas.com.ar\/sitio\/wp-content\/uploads\/2024\/04\/IGLESIA-ORREGO-05.jpg\" alt=\"\" width=\"800\" height=\"535\" srcset=\"https:\/\/vocesparalelas.com.ar\/sitio\/wp-content\/uploads\/2024\/04\/IGLESIA-ORREGO-05.jpg 800w, https:\/\/vocesparalelas.com.ar\/sitio\/wp-content\/uploads\/2024\/04\/IGLESIA-ORREGO-05-300x201.jpg 300w, https:\/\/vocesparalelas.com.ar\/sitio\/wp-content\/uploads\/2024\/04\/IGLESIA-ORREGO-05-768x514.jpg 768w\" sizes=\"auto, (max-width: 800px) 100vw, 800px\" \/><\/p>\n","protected":false},"excerpt":{"rendered":"<p>En la jornada del Jueves, 11 de Abril, el gobernador de San Juan, Dr. Marcelo Orrego particip\u00f3 del Operativo Integral<\/p>\n","protected":false},"author":3,"featured_media":71216,"comment_status":"closed","ping_status":"closed","sticky":false,"template":"","format":"standard","meta":{"_acf_changed":false,"_seopress_robots_primary_cat":"none","_seopress_titles_title":"","_seopress_titles_desc":"","_seopress_robots_index":"","colormag_page_container_layout":"default_layout","colormag_page_sidebar_layout":"default_layout","footnotes":""},"categories":[1,7],"tags":[],"class_list":["post-71213","post","type-post","status-publish","format-standard","has-post-thumbnail","hentry","category-destacadas","category-videos"],"acf":[],"_links":{"self":[{"href":"https:\/\/vocesparalelas.com.ar\/sitio\/wp-json\/wp\/v2\/posts\/71213","targetHints":{"allow":["GET"]}}],"collection":[{"href":"https:\/\/vocesparalelas.com.ar\/sitio\/wp-json\/wp\/v2\/posts"}],"about":[{"href":"https:\/\/vocesparalelas.com.ar\/sitio\/wp-json\/wp\/v2\/types\/post"}],"author":[{"embeddable":true,"href":"https:\/\/vocesparalelas.com.ar\/sitio\/wp-json\/wp\/v2\/users\/3"}],"replies":[{"embeddable":true,"href":"https:\/\/vocesparalelas.com.ar\/sitio\/wp-json\/wp\/v2\/comments?post=71213"}],"version-history":[{"count":4,"href":"https:\/\/vocesparalelas.com.ar\/sitio\/wp-json\/wp\/v2\/posts\/71213\/revisions"}],"predecessor-version":[{"id":71258,"href":"https:\/\/vocesparalelas.com.ar\/sitio\/wp-json\/wp\/v2\/posts\/71213\/revisions\/71258"}],"wp:featuredmedia":[{"embeddable":true,"href":"https:\/\/vocesparalelas.com.ar\/sitio\/wp-json\/wp\/v2\/media\/71216"}],"wp:attachment":[{"href":"https:\/\/vocesparalelas.com.ar\/sitio\/wp-json\/wp\/v2\/media?parent=71213"}],"wp:term":[{"taxonomy":"category","embeddable":true,"href":"https:\/\/vocesparalelas.com.ar\/sitio\/wp-json\/wp\/v2\/categories?post=71213"},{"taxonomy":"post_tag","embeddable":true,"href":"https:\/\/vocesparalelas.com.ar\/sitio\/wp-json\/wp\/v2\/tags?post=71213"}],"curies":[{"name":"wp","href":"https:\/\/api.w.org\/{rel}","templated":true}]}}