{"id":71192,"date":"2024-04-10T21:45:16","date_gmt":"2024-04-11T00:45:16","guid":{"rendered":"https:\/\/vocesparalelas.com.ar\/sitio\/?p=71192"},"modified":"2024-04-12T00:07:12","modified_gmt":"2024-04-12T03:07:12","slug":"charlas-en-defensa-de-la-universidad-publica-y-gratuita-en-san-juan","status":"publish","type":"post","link":"https:\/\/vocesparalelas.com.ar\/sitio\/charlas-en-defensa-de-la-universidad-publica-y-gratuita-en-san-juan\/","title":{"rendered":"Charlas en defensa de la Universidad P\u00fablica y Gratuita en San Juan"},"content":{"rendered":"<p>En el Centro de Fotogrametr\u00eda, Cartograf\u00eda y Catastro &#8211; CEFOCCA<em> &#8211; d<\/em>e la Facultad de Ingenier\u00eda de la Universidad Nacional de San Juan junto al gremio ADICUS se realiz\u00f3 una charla sobre \u00abDefendamos a la Universidad Nacional P\u00fablica y gratuita en San Juan y Argentina\u00bb.<\/p>\n<p>En la previa, se desarroll\u00f3 una entrevista period\u00edstica al Director del CEFOCCA, Ing. Walter Melian, quien describi\u00f3 la necesidad de la defensa con unas serie de actividades.<\/p>\n<p><iframe loading=\"lazy\" title=\"CEFOCCA FI UNSJ DIRECTOR ING. WALTER MELIAN\" width=\"800\" height=\"450\" src=\"https:\/\/www.youtube.com\/embed\/XFmajXvyqFA?feature=oembed\" frameborder=\"0\" allow=\"accelerometer; autoplay; clipboard-write; encrypted-media; gyroscope; picture-in-picture; web-share\" referrerpolicy=\"strict-origin-when-cross-origin\" allowfullscreen><\/iframe><\/p>\n<p>Luego, Voces Paralelas entrevist\u00f3 al Secretario General de ADICUS, Prof. Jaime Barcelona, quien destac\u00f3 el trabajo que viene desarrollan el gremio docente universitario e invit\u00f3 a la comunidad universitaria y en general a la marcha nacional universitaria en San Juan en la Plaza 25 de Mayo, el 23 de Abril.<\/p>\n<figure id=\"attachment_71196\" aria-describedby=\"caption-attachment-71196\" style=\"width: 800px\" class=\"wp-caption alignnone\"><img loading=\"lazy\" decoding=\"async\" class=\"size-full wp-image-71196\" src=\"https:\/\/vocesparalelas.com.ar\/sitio\/wp-content\/uploads\/2024\/04\/CEFOCCA-CHARLA-02.jpg\" alt=\"\" width=\"800\" height=\"533\" srcset=\"https:\/\/vocesparalelas.com.ar\/sitio\/wp-content\/uploads\/2024\/04\/CEFOCCA-CHARLA-02.jpg 800w, https:\/\/vocesparalelas.com.ar\/sitio\/wp-content\/uploads\/2024\/04\/CEFOCCA-CHARLA-02-300x200.jpg 300w, https:\/\/vocesparalelas.com.ar\/sitio\/wp-content\/uploads\/2024\/04\/CEFOCCA-CHARLA-02-768x512.jpg 768w\" sizes=\"auto, (max-width: 800px) 100vw, 800px\" \/><figcaption id=\"caption-attachment-71196\" class=\"wp-caption-text\">Secretario General de ADICUS, Prof. Jaime Barcelona<\/figcaption><\/figure>\n<p>&nbsp;<\/p>\n<p><iframe loading=\"lazy\" title=\"ADICUS UNSJ PROF JAIME BARCELONA\" width=\"800\" height=\"450\" src=\"https:\/\/www.youtube.com\/embed\/u1KLDeWckR8?feature=oembed\" frameborder=\"0\" allow=\"accelerometer; autoplay; clipboard-write; encrypted-media; gyroscope; picture-in-picture; web-share\" referrerpolicy=\"strict-origin-when-cross-origin\" allowfullscreen><\/iframe><\/p>\n<p>Finalmente, comenz\u00f3 la charla a cargo del Ing. Royer Munizaga, docente e investigador, quien destac\u00f3 la importancia de la educaci\u00f3n durante la vida del ser humano.<\/p>\n<p><iframe loading=\"lazy\" title=\"CEFOCCA FI UNSJ ING ROGER MUNIZAGA\" width=\"800\" height=\"450\" src=\"https:\/\/www.youtube.com\/embed\/Ws7xex2LvAc?feature=oembed\" frameborder=\"0\" allow=\"accelerometer; autoplay; clipboard-write; encrypted-media; gyroscope; picture-in-picture; web-share\" referrerpolicy=\"strict-origin-when-cross-origin\" allowfullscreen><\/iframe><\/p>\n<p>Entrevista a Carlos Torres Vila, quien afirm\u00f3 que \u00abLa educaci\u00f3n es la puerta de las Oportunidades\u00bb.<\/p>\n<p><iframe loading=\"lazy\" title=\"La educaci\u00f3n es la puerta de las oportunidades. Carlos Torres Vila, presidente de BBVA\" width=\"800\" height=\"450\" src=\"https:\/\/www.youtube.com\/embed\/imrNJZwmY0g?feature=oembed\" frameborder=\"0\" allow=\"accelerometer; autoplay; clipboard-write; encrypted-media; gyroscope; picture-in-picture; web-share\" referrerpolicy=\"strict-origin-when-cross-origin\" allowfullscreen><\/iframe><\/p>\n<p>&nbsp;<\/p>\n<p><img loading=\"lazy\" decoding=\"async\" class=\"alignnone size-full wp-image-71197\" src=\"https:\/\/vocesparalelas.com.ar\/sitio\/wp-content\/uploads\/2024\/04\/CEFOCCA-CHARLA-03.jpg\" alt=\"\" width=\"800\" height=\"533\" srcset=\"https:\/\/vocesparalelas.com.ar\/sitio\/wp-content\/uploads\/2024\/04\/CEFOCCA-CHARLA-03.jpg 800w, https:\/\/vocesparalelas.com.ar\/sitio\/wp-content\/uploads\/2024\/04\/CEFOCCA-CHARLA-03-300x200.jpg 300w, https:\/\/vocesparalelas.com.ar\/sitio\/wp-content\/uploads\/2024\/04\/CEFOCCA-CHARLA-03-768x512.jpg 768w\" sizes=\"auto, (max-width: 800px) 100vw, 800px\" \/><\/p>\n","protected":false},"excerpt":{"rendered":"<p>En el Centro de Fotogrametr\u00eda, Cartograf\u00eda y Catastro &#8211; CEFOCCA &#8211; de la Facultad de Ingenier\u00eda de la Universidad Nacional<\/p>\n","protected":false},"author":3,"featured_media":71195,"comment_status":"closed","ping_status":"closed","sticky":false,"template":"","format":"standard","meta":{"_acf_changed":false,"_seopress_robots_primary_cat":"none","_seopress_titles_title":"","_seopress_titles_desc":"","_seopress_robots_index":"","colormag_page_container_layout":"default_layout","colormag_page_sidebar_layout":"default_layout","footnotes":""},"categories":[10,7],"tags":[],"class_list":["post-71192","post","type-post","status-publish","format-standard","has-post-thumbnail","hentry","category-opiniones","category-videos"],"acf":[],"_links":{"self":[{"href":"https:\/\/vocesparalelas.com.ar\/sitio\/wp-json\/wp\/v2\/posts\/71192","targetHints":{"allow":["GET"]}}],"collection":[{"href":"https:\/\/vocesparalelas.com.ar\/sitio\/wp-json\/wp\/v2\/posts"}],"about":[{"href":"https:\/\/vocesparalelas.com.ar\/sitio\/wp-json\/wp\/v2\/types\/post"}],"author":[{"embeddable":true,"href":"https:\/\/vocesparalelas.com.ar\/sitio\/wp-json\/wp\/v2\/users\/3"}],"replies":[{"embeddable":true,"href":"https:\/\/vocesparalelas.com.ar\/sitio\/wp-json\/wp\/v2\/comments?post=71192"}],"version-history":[{"count":1,"href":"https:\/\/vocesparalelas.com.ar\/sitio\/wp-json\/wp\/v2\/posts\/71192\/revisions"}],"predecessor-version":[{"id":71198,"href":"https:\/\/vocesparalelas.com.ar\/sitio\/wp-json\/wp\/v2\/posts\/71192\/revisions\/71198"}],"wp:featuredmedia":[{"embeddable":true,"href":"https:\/\/vocesparalelas.com.ar\/sitio\/wp-json\/wp\/v2\/media\/71195"}],"wp:attachment":[{"href":"https:\/\/vocesparalelas.com.ar\/sitio\/wp-json\/wp\/v2\/media?parent=71192"}],"wp:term":[{"taxonomy":"category","embeddable":true,"href":"https:\/\/vocesparalelas.com.ar\/sitio\/wp-json\/wp\/v2\/categories?post=71192"},{"taxonomy":"post_tag","embeddable":true,"href":"https:\/\/vocesparalelas.com.ar\/sitio\/wp-json\/wp\/v2\/tags?post=71192"}],"curies":[{"name":"wp","href":"https:\/\/api.w.org\/{rel}","templated":true}]}}