{"id":71185,"date":"2024-04-10T20:04:10","date_gmt":"2024-04-10T23:04:10","guid":{"rendered":"https:\/\/vocesparalelas.com.ar\/sitio\/?p=71185"},"modified":"2024-04-11T00:04:23","modified_gmt":"2024-04-11T03:04:23","slug":"formacion-permanente-en-valle-fertil-de-los-sacerdotes-de-san-juan","status":"publish","type":"post","link":"https:\/\/vocesparalelas.com.ar\/sitio\/formacion-permanente-en-valle-fertil-de-los-sacerdotes-de-san-juan\/","title":{"rendered":"Formaci\u00f3n permanente en Valle F\u00e9rtil de los sacerdotes de San Juan"},"content":{"rendered":"<p>El Arzobispo de San Juan de Cuyo Monse\u00f1or Jorge Lozano, los obispos auxiliares y sacerdotes de la provincia de San Juan se encuentran desde el Lunes, 8\u00a0 hasta el Jueves, 11 de Abril, en la Capilla San Juan Bautista \u00ab100 a\u00f1os de Fe, Esperanza y Caridad\u00bb 1911 &#8211; 2011, abocados a una nueva instancia de formaci\u00f3n permanente donde comparten fraternidad y oraci\u00f3n y formaci\u00f3n.<\/p>\n<p>El padre Marcelo Carraza, biblista y con gran experiencia como formador y director espiritual del seminario de\u00a0 la di\u00f3cesis de Gualeguaych\u00fa, lleg\u00f3 para profundizar sobre\u00a0 la \u00absinodalidad en la biblia\u00bb.<\/p>\n<p>Este encuentro tambi\u00e9n comparte distintos momentos con la comunidad, adem\u00e1s de las celebraciones eucar\u00edsticas tambi\u00e9n est\u00e1 prevista una misi\u00f3n y visita a familias del departamento.<\/p>\n<p><img loading=\"lazy\" decoding=\"async\" class=\"alignnone size-large wp-image-71190\" src=\"https:\/\/vocesparalelas.com.ar\/sitio\/wp-content\/uploads\/2024\/04\/ARZOBISPADO-CAPACITACION-02.jpg\" alt=\"\" width=\"800\" height=\"641\" srcset=\"https:\/\/vocesparalelas.com.ar\/sitio\/wp-content\/uploads\/2024\/04\/ARZOBISPADO-CAPACITACION-02.jpg 800w, https:\/\/vocesparalelas.com.ar\/sitio\/wp-content\/uploads\/2024\/04\/ARZOBISPADO-CAPACITACION-02-300x240.jpg 300w, https:\/\/vocesparalelas.com.ar\/sitio\/wp-content\/uploads\/2024\/04\/ARZOBISPADO-CAPACITACION-02-768x615.jpg 768w\" sizes=\"auto, (max-width: 800px) 100vw, 800px\" \/><\/p>\n","protected":false},"excerpt":{"rendered":"<p>El Arzobispo de San Juan de Cuyo Monse\u00f1or Jorge Lozano, los obispos auxiliares y sacerdotes de la provincia de San<\/p>\n","protected":false},"author":3,"featured_media":71189,"comment_status":"closed","ping_status":"closed","sticky":false,"template":"","format":"standard","meta":{"_acf_changed":false,"_seopress_robots_primary_cat":"none","_seopress_titles_title":"","_seopress_titles_desc":"","_seopress_robots_index":"","colormag_page_container_layout":"default_layout","colormag_page_sidebar_layout":"default_layout","footnotes":""},"categories":[1],"tags":[],"class_list":["post-71185","post","type-post","status-publish","format-standard","has-post-thumbnail","hentry","category-destacadas"],"acf":[],"_links":{"self":[{"href":"https:\/\/vocesparalelas.com.ar\/sitio\/wp-json\/wp\/v2\/posts\/71185","targetHints":{"allow":["GET"]}}],"collection":[{"href":"https:\/\/vocesparalelas.com.ar\/sitio\/wp-json\/wp\/v2\/posts"}],"about":[{"href":"https:\/\/vocesparalelas.com.ar\/sitio\/wp-json\/wp\/v2\/types\/post"}],"author":[{"embeddable":true,"href":"https:\/\/vocesparalelas.com.ar\/sitio\/wp-json\/wp\/v2\/users\/3"}],"replies":[{"embeddable":true,"href":"https:\/\/vocesparalelas.com.ar\/sitio\/wp-json\/wp\/v2\/comments?post=71185"}],"version-history":[{"count":1,"href":"https:\/\/vocesparalelas.com.ar\/sitio\/wp-json\/wp\/v2\/posts\/71185\/revisions"}],"predecessor-version":[{"id":71191,"href":"https:\/\/vocesparalelas.com.ar\/sitio\/wp-json\/wp\/v2\/posts\/71185\/revisions\/71191"}],"wp:featuredmedia":[{"embeddable":true,"href":"https:\/\/vocesparalelas.com.ar\/sitio\/wp-json\/wp\/v2\/media\/71189"}],"wp:attachment":[{"href":"https:\/\/vocesparalelas.com.ar\/sitio\/wp-json\/wp\/v2\/media?parent=71185"}],"wp:term":[{"taxonomy":"category","embeddable":true,"href":"https:\/\/vocesparalelas.com.ar\/sitio\/wp-json\/wp\/v2\/categories?post=71185"},{"taxonomy":"post_tag","embeddable":true,"href":"https:\/\/vocesparalelas.com.ar\/sitio\/wp-json\/wp\/v2\/tags?post=71185"}],"curies":[{"name":"wp","href":"https:\/\/api.w.org\/{rel}","templated":true}]}}